{"id":8015,"date":"2024-03-14T16:06:10","date_gmt":"2024-03-14T14:06:10","guid":{"rendered":"https:\/\/www.tw24.net\/?p=8015"},"modified":"2024-03-14T16:06:10","modified_gmt":"2024-03-14T14:06:10","slug":"besties","status":"publish","type":"post","link":"https:\/\/www.tw24.net\/?p=8015","title":{"rendered":"<i>Besties<\/i>"},"content":{"rendered":"<p>Den israelischen Luftstreitkr\u00e4ften ist es bei einem Einsatz in Rafah gelungen, Muhammad Abu Hasna <a href=\"https:\/\/twitter.com\/IDF\/status\/1767988895084388757\">auszuschalten<\/a>, einen Anf\u00fchrer der Hamas. Zum Zeitpunkt des Einsatzes war er den Angaben zufolge damit besch\u00e4ftigt, eigentlich f\u00fcr die Bev\u00f6lkerung Gazas bestimmte Hilfsg\u00fcter f\u00fcr seine Organisation zu \u00bbsichern\u00ab, zur Beute der islamistischen Terrororganisation zu machen, die Rafah noch immer weitgehend kontrolliert.<\/p>\n<p>Nach Angaben des \u00bbGesundheitsministeriums\u00ab der Hamas in Gaza <a href=\"https:\/\/www.welt.de\/politik\/ausland\/article250561812\/Rafah-Israelische-Armee-meldet-gezielte-Toetung-von-Hamas-Kommandeur.html\">kamen<\/a> bei dem Angriff auch drei weitere Menschen um, einige sollen verletzt worden sein. Das \u00bbMinisterium\u00ab bezeichnet Muhammad Abu Hasna dabei als einen \u00bbPolizisten\u00ab. In Gaza ist die Hamas-Mitgliedschaft f\u00fcr \u00bbPolizisten\u00ab freilich <a href=\"https:\/\/ecfr.eu\/special\/mapping_palestinian_politics\/civil_police\/\">obligatorisch<\/a>. Aus einer <a href=\"https:\/\/www.unrwa.org\/newsroom\/official-statements\/least-one-unrwa-staff-killed-when-israeli-forces-hit-unrwa-centre-used\">Protestnote<\/a> der UNRWA geht derweil hervor, da\u00df der Hamas-\u00bbPolizist\u00ab eines ihrer Lager \u00bbbewachte\u00ab.<\/p>\n<p>Diese Mitteilung des ber\u00fcchtigten \u00bbHilfswerks der Vereinten Nationen f\u00fcr Pal\u00e4stina-Fl\u00fcchtlinge im Nahen Osten\u00ab wirft erneut ein Schlaglicht auf die engen Bande zwischen der Hamas einer- und der UN-Agentur andererseits. Die freche Anma\u00dfung n\u00e4mlich, mit der sie die Anwesenheit Muhammad Abu Hasnas unterschl\u00e4gt, eines Kommandeurs der Hamas, die sich <a href=\"https:\/\/www.tw24.net\/wp-content\/uploads\/2024\/03\/hamas.ps2023-10-07_09-20-09-2.png\">erkl\u00e4rterma\u00dfen<\/a> im Vernichtungskrieg gegen Israel befindet, ist entlarvend.<\/p>\n<p>Ganz gleich, ob Terrorist oder \u00bbPolizist\u00ab: Philippe Lazzarini und seine UNRWA st\u00f6rten sich nicht an der Anwesenheit des Hamas-Vertreters, pranger(te)n sie nicht als den V\u00f6lkerrechtsversto\u00df an, den sie darstellt, sondern diffamieren die israelischen Streitkr\u00e4fte, die ihren Einsatz gezielt gegen ein legitimes Ziel richteten. Sein Chef und das \u00bbHilfswerk\u00ab best\u00e4tigen damit einmal mehr, wo sie stehen, an wessen Seite sie k\u00e4mpfen.<\/p>\n","protected":false},"excerpt":{"rendered":"<p>Den israelischen Luftstreitkr\u00e4ften ist es bei einem Einsatz in Rafah gelungen, Muhammad Abu Hasna auszuschalten, einen Anf\u00fchrer der Hamas. Zum Zeitpunkt des Einsatzes war er den Angaben zufolge damit besch\u00e4ftigt, eigentlich f\u00fcr die Bev\u00f6lkerung Gazas bestimmte Hilfsg\u00fcter f\u00fcr seine Organisation zu \u00bbsichern\u00ab, zur Beute der islamistischen Terrororganisation zu machen, die Rafah noch immer weitgehend kontrolliert. [&hellip;]<\/p>\n","protected":false},"author":1,"featured_media":0,"comment_status":"open","ping_status":"open","sticky":false,"template":"","format":"standard","meta":{"footnotes":""},"categories":[2],"tags":[148,157,176,192,194,645,1227,374,389,399],"class_list":["post-8015","post","type-post","status-publish","format-standard","hentry","category-allgemein","tag-gaza","tag-hamas","tag-idf","tag-islamismus","tag-israel","tag-philippe-lazzarini","tag-rafah","tag-terrorismus","tag-unrwa","tag-vereinte-nationen"],"_links":{"self":[{"href":"https:\/\/www.tw24.net\/index.php?rest_route=\/wp\/v2\/posts\/8015","targetHints":{"allow":["GET"]}}],"collection":[{"href":"https:\/\/www.tw24.net\/index.php?rest_route=\/wp\/v2\/posts"}],"about":[{"href":"https:\/\/www.tw24.net\/index.php?rest_route=\/wp\/v2\/types\/post"}],"author":[{"embeddable":true,"href":"https:\/\/www.tw24.net\/index.php?rest_route=\/wp\/v2\/users\/1"}],"replies":[{"embeddable":true,"href":"https:\/\/www.tw24.net\/index.php?rest_route=%2Fwp%2Fv2%2Fcomments&post=8015"}],"version-history":[{"count":1,"href":"https:\/\/www.tw24.net\/index.php?rest_route=\/wp\/v2\/posts\/8015\/revisions"}],"predecessor-version":[{"id":8016,"href":"https:\/\/www.tw24.net\/index.php?rest_route=\/wp\/v2\/posts\/8015\/revisions\/8016"}],"wp:attachment":[{"href":"https:\/\/www.tw24.net\/index.php?rest_route=%2Fwp%2Fv2%2Fmedia&parent=8015"}],"wp:term":[{"taxonomy":"category","embeddable":true,"href":"https:\/\/www.tw24.net\/index.php?rest_route=%2Fwp%2Fv2%2Fcategories&post=8015"},{"taxonomy":"post_tag","embeddable":true,"href":"https:\/\/www.tw24.net\/index.php?rest_route=%2Fwp%2Fv2%2Ftags&post=8015"}],"curies":[{"name":"wp","href":"https:\/\/api.w.org\/{rel}","templated":true}]}}