{"id":8034,"date":"2024-03-23T15:04:43","date_gmt":"2024-03-23T13:04:43","guid":{"rendered":"https:\/\/www.tw24.net\/?p=8034"},"modified":"2024-03-23T15:39:03","modified_gmt":"2024-03-23T13:39:03","slug":"kollektiventgleisung","status":"publish","type":"post","link":"https:\/\/www.tw24.net\/?p=8034","title":{"rendered":"Kollektiventgleisung"},"content":{"rendered":"<p>In dieser Woche haben sich die Staats- und Regierungschefs der Mitgliedsstaaten der EU zum Europ\u00e4ischen Rat getroffen, um ich in diesem Rahmen auch \u00bb\u00fcber die Entwicklung im Nahen Osten [zu] unterhalten\u00ab, wie der deutsche Kanzler Olaf Scholz im Anschlu\u00df in einer Pressekonferenz <a href=\"https:\/\/www.bundesregierung.de\/breg-de\/aktuelles\/pressekonferenz-von-bundeskanzler-scholz-nach-dem-treffen-des-europaeischen-rats-am-21-und-22-maerz-2024-in-bruessel-2266948\">berichtete<\/a>. Herausgekommen ist dabei ein <a href=\"https:\/\/www.consilium.europa.eu\/de\/press\/press-releases\/2024\/03\/22\/european-council-conclusions-21-and-22-march-2024\/\">Abschlu\u00dfdokument<\/a>, das da, wo es nicht peinlich ist, eine indiskutable Verneigung vor den Feinden Israels darstellt.<\/p>\n<p>Wird in der deutschen Version der \u00bbSchlussfolgerungen\u00ab Reem Alsalem zu eine<i>m<\/i> \u00bbSonderberichterstatter der Vereinten Nationen\u00ab erkl\u00e4rt, wird das <i>die<\/i> jordanische \u00bbSpezialist<i>in<\/i> f\u00fcr Menschenrechte\u00ab sicher verschmerzen k\u00f6nnen. Auf sie im gleichen Atemzug wie auf Pramila Patten zu \u00bbverweisen\u00ab, stellt freilich schon eine dreiste Gleichstellung von Belegen f\u00fcr systematische sexualisierte Gewalt mit blo\u00df angeblichen einzelnen \u00dcbergriffen dar.<\/p>\n<p>Doch selbst das wirkt noch harmlos ob der folgenden Kollektiventgleisung: \u00bbDer Europ\u00e4ische Rat betont, dass die Dienste, die das UNRWA im Gazastreifen und in der gesamten Region bereitstellt, unerl\u00e4sslich sind\u00ab. Vorw\u00fcrfe, Mitarbeiter des UN-\u00bbHilfswerks f\u00fcr Pal\u00e4stina-Fl\u00fcchtlinge im Nahen Osten\u00ab seien am Pogrom vom 7. Oktober 2023 beteiligt gewesen, sind bisher nicht ausger\u00e4umt, weitere Kritikpunkte sind ebenfalls l\u00e4ngst nicht widerlegt.<\/p>\n<p>Zivilisatorische Grundwerte, die die Europas sein sollten, vor allem aber die Opfer von Antisemitismus, Islamismus und Terrorismus verh\u00f6hnt, wer einer Organisation, von der <a href=\"https:\/\/www.cducsu.de\/presse\/pressemitteilungen\/gelder-un-hilfswerk-unrwa-stoppen\">bekannt<\/a> ist, da\u00df in ihren Einrichtungen \u00bbseit Jahren blinder Hass und die Vernichtung der Juden propagiert\u00ab werden, zu bescheinigen, sie sei \u00bbunerl\u00e4sslich\u00ab. Es \u00fcberrascht vor diesem Hintergrund kaum, da\u00df auch dieses Gremium der Hamas in Rafah einen sicheren R\u00fcckzugsraum w\u00fcnscht.<\/p>\n<p>Es gibt innerhalb der Europ\u00e4ischen Union Bestrebungen, als weitere Verneigung vor der Hamas das Assoziationsabkommen EU-Israel einseitig aufzuk\u00fcndigen. Die Regierung in Jerusalem sollte nicht abwarten, bis sich die offen israelfeindlichen Regierungen durchsetzen k\u00f6nnen, sondern ihnen zuvorkommen. Ein Europa mit einem Europ\u00e4ischen Rat an seiner Spitze, der Antisemitismus und Ha\u00df auf Israel legitimiert und verbreitet, braucht niemand.<\/p>\n","protected":false},"excerpt":{"rendered":"<p>In dieser Woche haben sich die Staats- und Regierungschefs der Mitgliedsstaaten der EU zum Europ\u00e4ischen Rat getroffen, um ich in diesem Rahmen auch \u00bb\u00fcber die Entwicklung im Nahen Osten [zu] unterhalten\u00ab, wie der deutsche Kanzler Olaf Scholz im Anschlu\u00df in einer Pressekonferenz berichtete. Herausgekommen ist dabei ein Abschlu\u00dfdokument, das da, wo es nicht peinlich ist, [&hellip;]<\/p>\n","protected":false},"author":1,"featured_media":0,"comment_status":"open","ping_status":"open","sticky":false,"template":"","format":"standard","meta":{"footnotes":""},"categories":[2],"tags":[38,102,120,124,1229,148,157,192,194,907,374,389,399],"class_list":["post-8034","post","type-post","status-publish","format-standard","hentry","category-allgemein","tag-antisemitismus","tag-deutschland","tag-eu","tag-europaeische-union","tag-europaeischer-rat","tag-gaza","tag-hamas","tag-islamismus","tag-israel","tag-olaf-scholz","tag-terrorismus","tag-unrwa","tag-vereinte-nationen"],"_links":{"self":[{"href":"https:\/\/www.tw24.net\/index.php?rest_route=\/wp\/v2\/posts\/8034","targetHints":{"allow":["GET"]}}],"collection":[{"href":"https:\/\/www.tw24.net\/index.php?rest_route=\/wp\/v2\/posts"}],"about":[{"href":"https:\/\/www.tw24.net\/index.php?rest_route=\/wp\/v2\/types\/post"}],"author":[{"embeddable":true,"href":"https:\/\/www.tw24.net\/index.php?rest_route=\/wp\/v2\/users\/1"}],"replies":[{"embeddable":true,"href":"https:\/\/www.tw24.net\/index.php?rest_route=%2Fwp%2Fv2%2Fcomments&post=8034"}],"version-history":[{"count":1,"href":"https:\/\/www.tw24.net\/index.php?rest_route=\/wp\/v2\/posts\/8034\/revisions"}],"predecessor-version":[{"id":8035,"href":"https:\/\/www.tw24.net\/index.php?rest_route=\/wp\/v2\/posts\/8034\/revisions\/8035"}],"wp:attachment":[{"href":"https:\/\/www.tw24.net\/index.php?rest_route=%2Fwp%2Fv2%2Fmedia&parent=8034"}],"wp:term":[{"taxonomy":"category","embeddable":true,"href":"https:\/\/www.tw24.net\/index.php?rest_route=%2Fwp%2Fv2%2Fcategories&post=8034"},{"taxonomy":"post_tag","embeddable":true,"href":"https:\/\/www.tw24.net\/index.php?rest_route=%2Fwp%2Fv2%2Ftags&post=8034"}],"curies":[{"name":"wp","href":"https:\/\/api.w.org\/{rel}","templated":true}]}}