{"id":8099,"date":"2024-04-19T13:38:37","date_gmt":"2024-04-19T11:38:37","guid":{"rendered":"https:\/\/www.tw24.net\/?p=8099"},"modified":"2024-04-21T08:07:21","modified_gmt":"2024-04-21T06:07:21","slug":"blamables-theater","status":"publish","type":"post","link":"https:\/\/www.tw24.net\/?p=8099","title":{"rendered":"Blamables Theater"},"content":{"rendered":"<p>Die Vereinigten Staaten haben im Sicherheitsrat der Vereinten Nationen die Annahme eines Antrags auf eine Vollmitgliedschaft \u00bbPal\u00e4stinas\u00ab in der Weltorganisation <a href=\"https:\/\/news.un.org\/en\/story\/2024\/04\/1148731\">verhindert<\/a>. Mit ihrem Veto brachten die Vertreter Washingtons eine von Algerien eingebrachte Resolution zu Fall, die eine Anerkennung \u00bbPal\u00e4stinas\u00ab als Staat bedeutet h\u00e4tte. Zw\u00f6lf Mitglieder des Gremiums votierten f\u00fcr den Antrag, die Schweiz und Gro\u00dfbritannien enthielten sich.<\/p>\n<p>Mit Frankreich, Malta und Slowenien haben damit alle gegenw\u00e4rtig im UNSC vertretenen EU-Staaten f\u00fcr die Anerkennung \u00bbPal\u00e4stina\u00ab gestimmt und sich so gegen \u00bbpal\u00e4stinensisch\u00ab-israelische Gespr\u00e4che \u00fcber eine friedliche Konfliktl\u00f6sung positioniert, wie sie alle Abkommen \u00fcber eine \u00bbZwei-Staaten-L\u00f6sung\u00ab vorsehen. Stimmten sie zwar als Nationalstaaten ab, steht das Votum dieses Trios dennoch stellvertretend auch f\u00fcr die Haltung der EU.<\/p>\n<p>Erst vor wenigen Wochen hatte Josep Borrell Fontelles, der f\u00fcr seinen antisemitischen Ha\u00df auf <i>den<\/i> j\u00fcdischen Staat nicht blo\u00df in der israelischen Hauptstadt in Verruf geratene Hohe Au\u00dfenbeauftragte der Europ\u00e4ischen Union, laut \u00fcber die diplomatische Anerkennung \u00bbPal\u00e4stinas\u00ab nachgedacht und den EU-Mitgliedsstaaten einen solchen Schritt auch ausdr\u00fccklich als m\u00f6gliche Strafma\u00dfnahme gegen Jerusalem <a href=\"https:\/\/www.timesofisrael.com\/top-eu-diplomat-says-israel-has-no-right-to-block-creation-of-palestinian-state\/\">empfohlen<\/a> und dessen Kampf gegen die Hamas.<\/p>\n<p>W\u00e4hrend die islamistische Terrororganisation, die f\u00fcr das b\u00f6sartigste antij\u00fcdische Pogrom seit dem Ende des Zweiten Weltkriegs verantwortlich ist, noch immer weit mehr als 100 aus Israel nach Gaza verschleppte Geiseln in ihrer Gewalt hat, \u00fcberhaupt \u00fcber einen \u00bbpal\u00e4stinensischen\u00ab Staat nachzudenken, sollte sich f\u00fcr zivilisierte Menschen verbieten. Ein \u00bbPal\u00e4stina\u00ab, das jetzt \u00bbStaat\u00ab w\u00fcrde, w\u00e4re nichts anderes als eine Belohnung f\u00fcr islamistischen Terror.<\/p>\n<p>Es ist daher richtig, da\u00df Washington mit seinem Veto eine weitere Blamage des Sicherheitsrats der Vereinten Nationen angesichts des islamistischen Terrors gegen Israel verhindert hat. Einmal mehr hingegen haben die EU-Europ\u00e4er und die anderen Mitglieder des UN-Sicherheitsrats, die f\u00fcr die Aufnahme \u00bbPal\u00e4stinas\u00ab als UN-Mitglied stimmten, sich und die Vereinten Nationen als Institution blo\u00dfgestellt, die zivilisatorische Grundwerte verh\u00f6hnt.<\/p>\n","protected":false},"excerpt":{"rendered":"<p>Die Vereinigten Staaten haben im Sicherheitsrat der Vereinten Nationen die Annahme eines Antrags auf eine Vollmitgliedschaft \u00bbPal\u00e4stinas\u00ab in der Weltorganisation verhindert. Mit ihrem Veto brachten die Vertreter Washingtons eine von Algerien eingebrachte Resolution zu Fall, die eine Anerkennung \u00bbPal\u00e4stinas\u00ab als Staat bedeutet h\u00e4tte. Zw\u00f6lf Mitglieder des Gremiums votierten f\u00fcr den Antrag, die Schweiz und Gro\u00dfbritannien [&hellip;]<\/p>\n","protected":false},"author":1,"featured_media":0,"comment_status":"open","ping_status":"open","sticky":false,"template":"","format":"standard","meta":{"footnotes":""},"categories":[2],"tags":[11,1238,38,120,124,145,157,192,1235,506,374,725,390,397,399],"class_list":["post-8099","post","type-post","status-publish","format-standard","hentry","category-allgemein","tag-palaestina","tag-algerien","tag-antisemitismus","tag-eu","tag-europaeische-union","tag-frankreich","tag-hamas","tag-islamismus","tag-malta","tag-slowenien","tag-terrorismus","tag-un","tag-unsc","tag-vereinigte-staaten","tag-vereinte-nationen"],"_links":{"self":[{"href":"https:\/\/www.tw24.net\/index.php?rest_route=\/wp\/v2\/posts\/8099","targetHints":{"allow":["GET"]}}],"collection":[{"href":"https:\/\/www.tw24.net\/index.php?rest_route=\/wp\/v2\/posts"}],"about":[{"href":"https:\/\/www.tw24.net\/index.php?rest_route=\/wp\/v2\/types\/post"}],"author":[{"embeddable":true,"href":"https:\/\/www.tw24.net\/index.php?rest_route=\/wp\/v2\/users\/1"}],"replies":[{"embeddable":true,"href":"https:\/\/www.tw24.net\/index.php?rest_route=%2Fwp%2Fv2%2Fcomments&post=8099"}],"version-history":[{"count":4,"href":"https:\/\/www.tw24.net\/index.php?rest_route=\/wp\/v2\/posts\/8099\/revisions"}],"predecessor-version":[{"id":8105,"href":"https:\/\/www.tw24.net\/index.php?rest_route=\/wp\/v2\/posts\/8099\/revisions\/8105"}],"wp:attachment":[{"href":"https:\/\/www.tw24.net\/index.php?rest_route=%2Fwp%2Fv2%2Fmedia&parent=8099"}],"wp:term":[{"taxonomy":"category","embeddable":true,"href":"https:\/\/www.tw24.net\/index.php?rest_route=%2Fwp%2Fv2%2Fcategories&post=8099"},{"taxonomy":"post_tag","embeddable":true,"href":"https:\/\/www.tw24.net\/index.php?rest_route=%2Fwp%2Fv2%2Ftags&post=8099"}],"curies":[{"name":"wp","href":"https:\/\/api.w.org\/{rel}","templated":true}]}}