{"id":8128,"date":"2024-04-29T15:24:52","date_gmt":"2024-04-29T13:24:52","guid":{"rendered":"https:\/\/www.tw24.net\/?p=8128"},"modified":"2024-04-29T15:26:04","modified_gmt":"2024-04-29T13:26:04","slug":"deutsche-werte-3","status":"publish","type":"post","link":"https:\/\/www.tw24.net\/?p=8128","title":{"rendered":"Deutsche Werte"},"content":{"rendered":"<p>\u00bbPal\u00e4stinenserpr\u00e4sident\u00ab Abu Mazen beim in Riyadh tagenden World Economic Forum den Kampf Israel und den Kampf gegen die Hamas <a href=\"https:\/\/www.youtube.com\/watch?v=aHiO8JaC4Xc\">verleumdet<\/a>. Leugnete er das Existenzrecht des j\u00fcdischen Staates, indem er eine seit \u00fcber 75 Jahren andauernde \u00bbBesatzung\u00ab beklagte, ereiferte er sich weiter, Israel habe \u00bbin Gaza und der Westbank\u00ab mehr Zerst\u00f6rungen angerichtet als Nationalsozialisten und Alliierte w\u00e4hrend des Zweiten Weltkriegs \u00bbin Deutschland und Europa\u00ab.<\/p>\n<blockquote><p>\u00bbDas, was heute in Gaza und im Westjordanland geschieht, \u00fcbertrifft die Ereignisse des Zweiten Weltkriegs in Deutschland und anderen europ\u00e4ischen L\u00e4ndern.\u00ab<\/p><\/blockquote>\n<p>Da\u00df Abu Mazen, man kennt ihn auch als Mahmoud Abbas, sich bei seinen w\u00fcsten Beschimpfungen ausdr\u00fccklich auch auf Josep Borrell Fontelles beruft, den Hohen Au\u00dfenbeauftragten der EU, sagt viel aus \u00fcber diese \u00bbQuelle\u00ab, macht sie aber nicht weniger skandal\u00f6s. Denn nur einmal mehr leugnet der \u00bbPal\u00e4stinenserpr\u00e4sident\u00ab mit voller Absicht den Holocaust, diskreditiert die Alliierten und setzt nicht zuletzt Israel mit dem nationalsozialistischen Deutschland in eins.<\/p>\n<p>Die antisemitische Schamlosigkeit des greisen Despoten ist nicht neu, erst recht ist sie nicht \u00fcberraschend. Die Verleumdung <i>des<\/i> j\u00fcdischen Staates als Reinkarnation, als Steigerung gar des nationalsozialistischen Deutschland beherrscht der im sowjetischen Moskau zum Antisemiten mit Doktortitel ausgebildete \u00bbPal\u00e4stinenserpr\u00e4sident\u00ab wie kaum ein anderer. Erneut aber werfen die Tiraden Abu Mazens ein Schlaglicht auf die Au\u00dfenpolitik der aktuellen deutschen Regierung.<\/p>\n<p>Au\u00dfenministerin Annalena Baerbock, jetzt auch wieder in Riyadh unterwegs, zog bei ihrem vorvorletzten Besuch in der Region den Besuch bei Abu Mazen in Ramallah demonstrativ dem Treffen mit dem israelischen Ministerpr\u00e4sidenten Benjamin Netanjahu vor. Zwar landete ihre Maschine in Tel Aviv, von dort f\u00fchrte ihr Weg zum israelischen Regierungschef jedoch \u00fcber einen legitimierenden <a href=\"https:\/\/www.bild.de\/politik\/ausland\/politik-ausland\/baerbock-bei-abbas-schauen-sie-mal-welche-hand-sie-da-schuetteln-87651360.bild.html\">Fototermin<\/a> mit \u00bbPr\u00e4sident\u00ab Abu Mazen und dabei an Jerusalem gerichtete Kritik.<\/p>\n<p>Mit seinem Auftritt in Riyadh stellt der \u00bbPal\u00e4stinenserpr\u00e4sident\u00ab, dessen korruptes Regime ohne die steten Zuwendungen insbesondere aus Deutschland und Europa l\u00e4ngst Konkurs h\u00e4tte anmelden m\u00fcssen, der deutschen Au\u00dfenpolitik ein Armutszeugnis aus, stellt sie und ihre \u00fcbergriffige Bigotterie blo\u00df: Annalena Baerbock zieht ein freundschaftliches H\u00e4ndesch\u00fctteln mit einem Antisemiten Gespr\u00e4chen mit dem demokratisch legitimierten israelischen Premier immer noch vor.<\/p>\n","protected":false},"excerpt":{"rendered":"<p>\u00bbPal\u00e4stinenserpr\u00e4sident\u00ab Abu Mazen beim in Riyadh tagenden World Economic Forum den Kampf Israel und den Kampf gegen die Hamas verleumdet. Leugnete er das Existenzrecht des j\u00fcdischen Staates, indem er eine seit \u00fcber 75 Jahren andauernde \u00bbBesatzung\u00ab beklagte, ereiferte er sich weiter, Israel habe \u00bbin Gaza und der Westbank\u00ab mehr Zerst\u00f6rungen angerichtet als Nationalsozialisten und Alliierte [&hellip;]<\/p>\n","protected":false},"author":1,"featured_media":0,"comment_status":"open","ping_status":"open","sticky":false,"template":"","format":"standard","meta":{"footnotes":""},"categories":[2],"tags":[11,16,906,38,49,68,102,112,1076,120,121,148,194,560,252,313,374],"class_list":["post-8128","post","type-post","status-publish","format-standard","hentry","category-allgemein","tag-palaestina","tag-abu-mazen","tag-annalena-baerbock","tag-antisemitismus","tag-auswaertiges-amt","tag-bigotterie","tag-deutschland","tag-double-standards","tag-eeas","tag-eu","tag-europa","tag-gaza","tag-israel","tag-josep-borrell-fontelles","tag-mahmoud-abbas","tag-plo","tag-terrorismus"],"_links":{"self":[{"href":"https:\/\/www.tw24.net\/index.php?rest_route=\/wp\/v2\/posts\/8128","targetHints":{"allow":["GET"]}}],"collection":[{"href":"https:\/\/www.tw24.net\/index.php?rest_route=\/wp\/v2\/posts"}],"about":[{"href":"https:\/\/www.tw24.net\/index.php?rest_route=\/wp\/v2\/types\/post"}],"author":[{"embeddable":true,"href":"https:\/\/www.tw24.net\/index.php?rest_route=\/wp\/v2\/users\/1"}],"replies":[{"embeddable":true,"href":"https:\/\/www.tw24.net\/index.php?rest_route=%2Fwp%2Fv2%2Fcomments&post=8128"}],"version-history":[{"count":1,"href":"https:\/\/www.tw24.net\/index.php?rest_route=\/wp\/v2\/posts\/8128\/revisions"}],"predecessor-version":[{"id":8129,"href":"https:\/\/www.tw24.net\/index.php?rest_route=\/wp\/v2\/posts\/8128\/revisions\/8129"}],"wp:attachment":[{"href":"https:\/\/www.tw24.net\/index.php?rest_route=%2Fwp%2Fv2%2Fmedia&parent=8128"}],"wp:term":[{"taxonomy":"category","embeddable":true,"href":"https:\/\/www.tw24.net\/index.php?rest_route=%2Fwp%2Fv2%2Fcategories&post=8128"},{"taxonomy":"post_tag","embeddable":true,"href":"https:\/\/www.tw24.net\/index.php?rest_route=%2Fwp%2Fv2%2Ftags&post=8128"}],"curies":[{"name":"wp","href":"https:\/\/api.w.org\/{rel}","templated":true}]}}