{"id":8212,"date":"2024-06-01T15:28:20","date_gmt":"2024-06-01T13:28:20","guid":{"rendered":"https:\/\/www.tw24.net\/?p=8212"},"modified":"2024-06-01T15:28:20","modified_gmt":"2024-06-01T13:28:20","slug":"schaebiges-schauspiel","status":"publish","type":"post","link":"https:\/\/www.tw24.net\/?p=8212","title":{"rendered":"Sch\u00e4biges Schauspiel"},"content":{"rendered":"<p>Die Vollversammlung der Vereinten Nationen hat am Donnerstag den bei einem Hubschrauberunfall get\u00f6teten \u00bbPr\u00e4sidenten\u00ab des islamistischen Regimes in Teheran Ebrahim Raisi \u00bbf\u00fcr seine vision\u00e4re F\u00fchrungsrolle und seinen Beitrag zum Multilateralismus und zur Entwicklung\u00ab <a href=\"https:\/\/press.un.org\/en\/2024\/ga12602.doc.htm\">gew\u00fcrdigt<\/a>. Lediglich die Repr\u00e4sentanten Washingtons hatten offenbar die Selbstachtung, sich dem kollektiven Gedenken an den \u00bbSchl\u00e4chter von Teheran\u00ab zu entziehen.<\/p>\n<p>Die Weltorganisation und ihre Mitglieder, darunter auch und vor allem die meisten westlichen Demokratien, zeigten mit ihrem Gedenken an Ebrahim Raisi ihre traditionelle und daher systematische Verachtung jener Werte und Normen, die durchsetzen und verteidigen zu wollen sie in diesem Gremium so gern vorgeben. Der iranische \u00bbPr\u00e4sident\u00ab galt selbst UN-Gremien als eiskalter Massenm\u00f6rder, verantwortlich f\u00fcr den Tod zehntausender Menschen.<\/p>\n<p>Den Titel des \u00bbSchl\u00e4chters von Teheran\u00ab erwarb Ebrahim Raisi sich Ende der 1980er, als das islamistische Regime, dem er sich verschrieben hatte, durch <a href=\"https:\/\/www.amnesty.org\/en\/documents\/mde13\/9421\/2018\/en\/\">Massenexekutionen<\/a> Platz schaffte in seinen Kerkern. Der sp\u00e4tere \u00bbPr\u00e4sident\u00ab feierte die damaligen Massenmorde noch 2018 als \u00bbErrungenschaft\u00ab. Und auch seine weitere Karriere und besonders seine Zeit als \u00bbPr\u00e4sident\u00ab der Islamischen Republik Iran ist gezeichnet von dem Blut, das er vergie\u00dfen lie\u00df.<\/p>\n<p>Unter Ebrahim Raisi als \u00bbPr\u00e4sident\u00ab baute die Islamische Republik Iran ihre F\u00fchrungsrolle als staatsterroristisches Regime weiter aus, w\u00e4hrend ihr Kernwaffenprogramm so weit gedieh, da\u00df die Mullahs heute jederzeit den Bau von Atombomben beschlie\u00dfen k\u00f6nnen. Die Zahl vollstreckter Todesurteile erreichte H\u00f6chstwerte, jede oppositionelle Regung wurde brutal niedergeschlagen, und selbst im Exil m\u00fcssen Gefl\u00fcchtete die Rache Teherans f\u00fcrchten.<\/p>\n<p>Ebrahim Raisi als \u00bbPr\u00e4sident\u00ab ist verantwortlich f\u00fcr die massiv betriebene \u00bbPolitik\u00ab Teherans, ausl\u00e4ndische Staatsb\u00fcrger als Geiseln in seinen ber\u00fcchtigten Folterkellern verschwinden zu lassen, um mit ihnen andere Staaten zu erpressen. Und nicht zuletzt entstand unter \u00bbPr\u00e4sident\u00ab Ebrahim Raisi die \u00bbAchse des Widerstands\u00ab, die mit dem barbarischen \u00dcberfall der Hamas auf Israel am 7. Oktober 2023 ihren Vernichtungskrieg gegen Israel er\u00f6ffnete.<\/p>\n<p>Da\u00df die Vereinten Nationen und mit ihnen auch die allermeisten westlichen Staaten vor diesem Hintergrund um einen \u00bbvision\u00e4ren Pr\u00e4sidenten\u00ab trauern, seine \u00bbBeitr\u00e4ge\u00ab hervorheben, ist in jeder Hinsicht entlarvend. Die Schamlosigkeit ihrer \u00bbW\u00fcrdigung\u00ab des Bluts\u00e4ufers Ebrahim Raisi belegt die v\u00f6llige Verwahrlosung dieser \u00bbWeltgemeinschaft\u00ab. Menschen mit Anstand k\u00f6nnen ob dieses Schauspiels der Verkommenheit sich nur angewidert abwenden.<\/p>\n","protected":false},"excerpt":{"rendered":"<p>Die Vollversammlung der Vereinten Nationen hat am Donnerstag den bei einem Hubschrauberunfall get\u00f6teten \u00bbPr\u00e4sidenten\u00ab des islamistischen Regimes in Teheran Ebrahim Raisi \u00bbf\u00fcr seine vision\u00e4re F\u00fchrungsrolle und seinen Beitrag zum Multilateralismus und zur Entwicklung\u00ab gew\u00fcrdigt. Lediglich die Repr\u00e4sentanten Washingtons hatten offenbar die Selbstachtung, sich dem kollektiven Gedenken an den \u00bbSchl\u00e4chter von Teheran\u00ab zu entziehen. Die Weltorganisation [&hellip;]<\/p>\n","protected":false},"author":1,"featured_media":0,"comment_status":"open","ping_status":"open","sticky":false,"template":"","format":"standard","meta":{"footnotes":""},"categories":[2],"tags":[68,112,838,174,191,192,397,399],"class_list":["post-8212","post","type-post","status-publish","format-standard","hentry","category-allgemein","tag-bigotterie","tag-double-standards","tag-ebrahim-raisi","tag-hybris","tag-islamische-republik-iran","tag-islamismus","tag-vereinigte-staaten","tag-vereinte-nationen"],"_links":{"self":[{"href":"https:\/\/www.tw24.net\/index.php?rest_route=\/wp\/v2\/posts\/8212","targetHints":{"allow":["GET"]}}],"collection":[{"href":"https:\/\/www.tw24.net\/index.php?rest_route=\/wp\/v2\/posts"}],"about":[{"href":"https:\/\/www.tw24.net\/index.php?rest_route=\/wp\/v2\/types\/post"}],"author":[{"embeddable":true,"href":"https:\/\/www.tw24.net\/index.php?rest_route=\/wp\/v2\/users\/1"}],"replies":[{"embeddable":true,"href":"https:\/\/www.tw24.net\/index.php?rest_route=%2Fwp%2Fv2%2Fcomments&post=8212"}],"version-history":[{"count":1,"href":"https:\/\/www.tw24.net\/index.php?rest_route=\/wp\/v2\/posts\/8212\/revisions"}],"predecessor-version":[{"id":8213,"href":"https:\/\/www.tw24.net\/index.php?rest_route=\/wp\/v2\/posts\/8212\/revisions\/8213"}],"wp:attachment":[{"href":"https:\/\/www.tw24.net\/index.php?rest_route=%2Fwp%2Fv2%2Fmedia&parent=8212"}],"wp:term":[{"taxonomy":"category","embeddable":true,"href":"https:\/\/www.tw24.net\/index.php?rest_route=%2Fwp%2Fv2%2Fcategories&post=8212"},{"taxonomy":"post_tag","embeddable":true,"href":"https:\/\/www.tw24.net\/index.php?rest_route=%2Fwp%2Fv2%2Ftags&post=8212"}],"curies":[{"name":"wp","href":"https:\/\/api.w.org\/{rel}","templated":true}]}}