{"id":8245,"date":"2024-06-15T15:04:20","date_gmt":"2024-06-15T13:04:20","guid":{"rendered":"https:\/\/www.tw24.net\/?p=8245"},"modified":"2024-06-15T15:04:20","modified_gmt":"2024-06-15T13:04:20","slug":"menschenrechtsexperten-ausser-sich","status":"publish","type":"post","link":"https:\/\/www.tw24.net\/?p=8245","title":{"rendered":"\u00bbMenschenrechtsexperten\u00ab au\u00dfer sich"},"content":{"rendered":"<p>Zahlreiche \u00bbMenschenrechtsexperten\u00ab, die sich die Vereinten Nationen f\u00fcr solche F\u00e4lle halten, <a href=\"https:\/\/www.ohchr.org\/en\/press-releases\/2024\/06\/un-experts-condemn-outrageous-disregard-palestinian-civilians-during-israels\">werfen<\/a> Jerusalem vor, bei der Befreiung mehrerer israelischer Geiseln vor einer Woche ein \u00bbMassaker\u00ab unter \u00bbpal\u00e4stinensischen\u00ab Zivilisten ver\u00fcbt zu haben. Besonders \u00bbemp\u00f6rend\u00ab finden es die von der <a href=\"https:\/\/www.welt.de\/debatte\/kommentare\/article248891522\/Francesca-Albanese-Dieser-antisemitische-Ausfall-muss-Folgen-haben.html\">ber\u00fcchtigten<\/a> Antisemitin Francesca Albanese angef\u00fchrten \u00bbExperten\u00ab, da\u00df Einsatzkr\u00e4fte sich als Zivilisten und \u00bbhumanit\u00e4re Helfer\u00ab verkleidet haben sollen.<\/p>\n<p>Es kann nicht verwundern, da\u00df \u00bbMenschenrechtsexperten\u00ab vom Schlag der Italienerin, die mit ihren <a href=\"https:\/\/www.tehrantimes.com\/news\/495039\/UN-Special-Rapporteur-says-Oct-7-attacks-were-in-response-to\">offenen Sympathien<\/a> f\u00fcr die Massenvergewaltiger und -m\u00f6rder der Hamas selbst schon in <a href=\"https:\/\/www.nationalreview.com\/corner\/u-s-blasts-latest-antisemitic-screed-from-u-n-expert-who-warned-of-jewish-lobby\/\">Washington<\/a>, Berlin und Paris f\u00fcr deutliche Verstimmung &#8211; jedoch nicht f\u00fcr entsprechendes Handeln &#8211; <a href=\"https:\/\/www.tagesspiegel.de\/internationales\/hamas-terroranschlage-gerechtfertigt-deutschland-und-frankreich-emport-uber-aussage-von-un-sonderbeauftragte-11196103.html\">gesorgt<\/a> hat, nicht eben erfreut ist dar\u00fcber, da\u00df israelische Streitkr\u00e4fte die Islamisten und deren \u00bbzivile\u00ab Komplizen um einen Teil ihrer Beute vom 7. Oktober brachten.<\/p>\n<p>Dieser Erfolg freilich scheint sie regelrecht um die Beherrschung zu bringen. Denn ihr w\u00fcstes W\u00fcten gegen Israel, gegen eine Operation zur Befreiung von Geiseln aus der Gewalt barbarischer Terroristen und ihrer mittelbaren und unmittelbaren \u00bbzivilen\u00ab Helfershelfer, stellt vor allem sie selbst, die ganz offenbar sehr <a href=\"https:\/\/unwatch.org\/uns-francesca-albanese-accused-of-financial-misconduct-by-human-rights-watchdog\/\">k\u00e4ufliche<\/a> \u00bbMenschenrechtsexpertin\u00ab und ihre Komplizen, sowie die v\u00f6llig korrupte Organisation, in deren Diensten sie stehen, blo\u00df.<\/p>\n<p>Wer das gr\u00f6\u00dfte, das bestialischste Pogrom an Juden seit der bedingungslosen Kapitulation der deutschen Wehrmacht verharmlost und gerechtfertigt hat, obgleich es sich gezielt gegen Zivilisten richtete und allein den Zweck hatte, Terror zu verbreiten und menschliches Leben auf m\u00f6glichst grausame Weise zu beenden, aber \u00fcber \u00bbzivile\u00ab Tote klagt, die im Zusammenhang mit der Befreiung von Geiseln m\u00f6glicherweise \u00bbunbeteiligt\u00ab get\u00f6tet wurden, ist bigott.<\/p>\n<p>Die <i>Operation Arnon<\/i>, die vor einer Woche Noa Argamani, Shlomi Ziv, Andrey Kozlov und Almog Meir Jan die Freiheit brachte, war und ist deshalb eine zutiefst humanit\u00e4re. Da\u00df es ausgerechnet Gestalten sind, die als \u00bbMenschenrechtsexperten\u00ab gelten wollen, die dar\u00fcber v\u00f6llig die Fassung verlieren, w\u00e4re lustig, w\u00e4re es nicht so traurig. Francesca Albanese und ihre Mit-\u00bbExpertinnen\u00ab und -\u00bbExperten\u00ab verh\u00f6hnen und bedrohen, was zu verteidigen sie vorgeben.<\/p>\n","protected":false},"excerpt":{"rendered":"<p>Zahlreiche \u00bbMenschenrechtsexperten\u00ab, die sich die Vereinten Nationen f\u00fcr solche F\u00e4lle halten, werfen Jerusalem vor, bei der Befreiung mehrerer israelischer Geiseln vor einer Woche ein \u00bbMassaker\u00ab unter \u00bbpal\u00e4stinensischen\u00ab Zivilisten ver\u00fcbt zu haben. Besonders \u00bbemp\u00f6rend\u00ab finden es die von der ber\u00fcchtigten Antisemitin Francesca Albanese angef\u00fchrten \u00bbExperten\u00ab, da\u00df Einsatzkr\u00e4fte sich als Zivilisten und \u00bbhumanit\u00e4re Helfer\u00ab verkleidet haben sollen. [&hellip;]<\/p>\n","protected":false},"author":1,"featured_media":0,"comment_status":"open","ping_status":"open","sticky":false,"template":"","format":"standard","meta":{"footnotes":""},"categories":[2],"tags":[38,68,1211,148,157,176,192,194,234,374,725,386,399],"class_list":["post-8245","post","type-post","status-publish","format-standard","hentry","category-allgemein","tag-antisemitismus","tag-bigotterie","tag-francesca-albanese","tag-gaza","tag-hamas","tag-idf","tag-islamismus","tag-israel","tag-kollaboration","tag-terrorismus","tag-un","tag-unhrc","tag-vereinte-nationen"],"_links":{"self":[{"href":"https:\/\/www.tw24.net\/index.php?rest_route=\/wp\/v2\/posts\/8245","targetHints":{"allow":["GET"]}}],"collection":[{"href":"https:\/\/www.tw24.net\/index.php?rest_route=\/wp\/v2\/posts"}],"about":[{"href":"https:\/\/www.tw24.net\/index.php?rest_route=\/wp\/v2\/types\/post"}],"author":[{"embeddable":true,"href":"https:\/\/www.tw24.net\/index.php?rest_route=\/wp\/v2\/users\/1"}],"replies":[{"embeddable":true,"href":"https:\/\/www.tw24.net\/index.php?rest_route=%2Fwp%2Fv2%2Fcomments&post=8245"}],"version-history":[{"count":1,"href":"https:\/\/www.tw24.net\/index.php?rest_route=\/wp\/v2\/posts\/8245\/revisions"}],"predecessor-version":[{"id":8246,"href":"https:\/\/www.tw24.net\/index.php?rest_route=\/wp\/v2\/posts\/8245\/revisions\/8246"}],"wp:attachment":[{"href":"https:\/\/www.tw24.net\/index.php?rest_route=%2Fwp%2Fv2%2Fmedia&parent=8245"}],"wp:term":[{"taxonomy":"category","embeddable":true,"href":"https:\/\/www.tw24.net\/index.php?rest_route=%2Fwp%2Fv2%2Fcategories&post=8245"},{"taxonomy":"post_tag","embeddable":true,"href":"https:\/\/www.tw24.net\/index.php?rest_route=%2Fwp%2Fv2%2Ftags&post=8245"}],"curies":[{"name":"wp","href":"https:\/\/api.w.org\/{rel}","templated":true}]}}