{"id":8251,"date":"2024-06-18T11:03:43","date_gmt":"2024-06-18T09:03:43","guid":{"rendered":"https:\/\/www.tw24.net\/?p=8251"},"modified":"2024-06-18T11:04:03","modified_gmt":"2024-06-18T09:04:03","slug":"fehlbesetzung-3","status":"publish","type":"post","link":"https:\/\/www.tw24.net\/?p=8251","title":{"rendered":"Fehlbesetzung"},"content":{"rendered":"<p>Seit Ende des vergangenen Jahres haben auch in Deutschland Studenten und andere Sympathisanten islamistischen Terroristen immer wieder den Hochschulbetrieb mit \u00bbpropal\u00e4stinensischen Protesten\u00ab gest\u00f6rt, die freilich vor allem eins waren: antisemitisch. J\u00fcdische Kommilitonen wurden eingesch\u00fcchtert oder gleich ins Krankenhaus gepr\u00fcgelt, w\u00e4hrend \u00fcberforderte Hochschulleitungen dem Treiben des akademischen Mobs meist tatenlos zusahen.<\/p>\n<p>Als sich Anfang Mai dann doch einmal die Freie Universit\u00e4t in Berlin doch einmal dazu durchringen konnte, ein \u00bbProtestcamp\u00ab auf dem Gel\u00e4nde der Hochschule durch die Polizei r\u00e4umen zu lassen, solidarisierten prompt das Lehrpersonal zahlreicher Berliner und ausw\u00e4rtiger Bildungseinrichtungen in einem <a href=\"https:\/\/docs.google.com\/forms\/d\/e\/1FAIpQLSfVy2D5Xy_DMiaMx2TsE7YediR6qifxoLDP1zIjKzEl9t1LWw\/viewform\">Offenen Brief<\/a> mit den \u00bbProtestierenden\u00ab, ohne auf deren teils offen antisemitische Forderungen einzugehen oder sich gar von ihnen zu distanzieren.<\/p>\n<p>Inzwischen sind <a href=\"https:\/\/daserste.ndr.de\/panorama\/Als-Reaktion-auf-Kritik-Bildungsministerium-wollte-Foerdermittel-streichen-,watzinger102.html\">E-Mails<\/a> \u00f6ffentlich, die zeigen, da\u00df im von Bettina Stark-Watzinger geleiteten Bildungsministerium gepr\u00fcft werden sollte, ob der Offene Brief strafrechtlich relevante \u00c4u\u00dferungen enthalte und \u00bbinwieweit von Seiten des BMBF ggf. F\u00f6rderrechtliche Konsequenzen (Widerruf der F\u00f6rderung etc.) m\u00f6glich sind\u00ab. Nach langem Schweigen hat die Ministerin nun die verantwortliche Referatsleiterin Sabine D\u00f6ring in den Ruhestand <a href=\"https:\/\/www.welt.de\/kultur\/article252066064\/Sabine-Doering-Wofuer-die-entlassene-Staatssekretaerin-steht.html\">entlassen<\/a>.<\/p>\n<p>Die FDP-Politikerin an der Spitze des Bundesministeriums f\u00fcr Bildung und Forschung in Berlin hat damit ohne Grund eine Mitarbeiterin geopfert, der in der Tat wenig vorzuwerfen ist, schon gar kein Angriff auf Bildungs- oder Meinungsfreiheit: Ein blo\u00dfer Pr\u00fcfauftrag ist eben alles andere als eine Tatsachenbehauptung. Lebte nicht insbesondere die Wissenschaft davon, Gewi\u00dfheiten zu hinterfragen, w\u00e4re die Erde wahrscheinlich noch immer eine Scheibe.<\/p>\n<p>Und Anla\u00df, \u00fcber die Notwendigkeit von Sanktionen nachzudenken, lieferten die \u00bbLehrenden an Berliner Universit\u00e4ten\u00ab mit ihrer Sympathiebekundung f\u00fcr \u00bbProtestierende\u00ab durchaus, die nach Auskunft der FU Berlin jeden Dialog verweigerten, durch antisemitische \u00c4u\u00dferungen auffielen, f\u00fcr Sachbesch\u00e4digungen und Rangeleien verantwortlich waren, denen die Polizei danach \u00bbVolksverhetzung und Hausfriedensbruch\u00ab jedenfalls vorwarf.<\/p>\n<p>Wer aber bekennt, zu \u00bbkonkreten Forderungen des Protestcamps\u00ab keine Meinung zu haben oder \u00e4u\u00dfern zu wollen, sondern es und sie pauschal als Ausdruck von \u00bbVersammlungs- und Meinungsfreiheit\u00ab verteidigt, leugnet oder verharmlost damit m\u00f6gliche Rechtsbr\u00fcche und billigt sie. Das allerdings sollte sich durchaus \u00fcberlegen, wer staatliche Finanzierung erwartet. Bettina Stark-Watzinger sollte zur\u00fccktreten, weil sie das ganz offenbar nicht begreift.<\/p>\n","protected":false},"excerpt":{"rendered":"<p>Seit Ende des vergangenen Jahres haben auch in Deutschland Studenten und andere Sympathisanten islamistischen Terroristen immer wieder den Hochschulbetrieb mit \u00bbpropal\u00e4stinensischen Protesten\u00ab gest\u00f6rt, die freilich vor allem eins waren: antisemitisch. J\u00fcdische Kommilitonen wurden eingesch\u00fcchtert oder gleich ins Krankenhaus gepr\u00fcgelt, w\u00e4hrend \u00fcberforderte Hochschulleitungen dem Treiben des akademischen Mobs meist tatenlos zusahen. Als sich Anfang Mai dann [&hellip;]<\/p>\n","protected":false},"author":1,"featured_media":0,"comment_status":"open","ping_status":"open","sticky":false,"template":"","format":"standard","meta":{"footnotes":""},"categories":[2],"tags":[38,64,1260,1261,102,132,1258,1259,148,157,192,374],"class_list":["post-8251","post","type-post","status-publish","format-standard","hentry","category-allgemein","tag-antisemitismus","tag-berlin","tag-bettina-stark-watzinger","tag-bmbf","tag-deutschland","tag-fdp","tag-freie-universitaet-berlin","tag-fu-berlin","tag-gaza","tag-hamas","tag-islamismus","tag-terrorismus"],"_links":{"self":[{"href":"https:\/\/www.tw24.net\/index.php?rest_route=\/wp\/v2\/posts\/8251","targetHints":{"allow":["GET"]}}],"collection":[{"href":"https:\/\/www.tw24.net\/index.php?rest_route=\/wp\/v2\/posts"}],"about":[{"href":"https:\/\/www.tw24.net\/index.php?rest_route=\/wp\/v2\/types\/post"}],"author":[{"embeddable":true,"href":"https:\/\/www.tw24.net\/index.php?rest_route=\/wp\/v2\/users\/1"}],"replies":[{"embeddable":true,"href":"https:\/\/www.tw24.net\/index.php?rest_route=%2Fwp%2Fv2%2Fcomments&post=8251"}],"version-history":[{"count":1,"href":"https:\/\/www.tw24.net\/index.php?rest_route=\/wp\/v2\/posts\/8251\/revisions"}],"predecessor-version":[{"id":8252,"href":"https:\/\/www.tw24.net\/index.php?rest_route=\/wp\/v2\/posts\/8251\/revisions\/8252"}],"wp:attachment":[{"href":"https:\/\/www.tw24.net\/index.php?rest_route=%2Fwp%2Fv2%2Fmedia&parent=8251"}],"wp:term":[{"taxonomy":"category","embeddable":true,"href":"https:\/\/www.tw24.net\/index.php?rest_route=%2Fwp%2Fv2%2Fcategories&post=8251"},{"taxonomy":"post_tag","embeddable":true,"href":"https:\/\/www.tw24.net\/index.php?rest_route=%2Fwp%2Fv2%2Ftags&post=8251"}],"curies":[{"name":"wp","href":"https:\/\/api.w.org\/{rel}","templated":true}]}}