{"id":8291,"date":"2024-07-08T14:57:23","date_gmt":"2024-07-08T12:57:23","guid":{"rendered":"https:\/\/www.tw24.net\/?p=8291"},"modified":"2024-07-08T14:57:23","modified_gmt":"2024-07-08T12:57:23","slug":"mit-mandat","status":"publish","type":"post","link":"https:\/\/www.tw24.net\/?p=8291","title":{"rendered":"Mit Mandat"},"content":{"rendered":"<p>Am 1. Juli hat Ungarn den Vorsitz des Rats der Europ\u00e4ischen Union <a href=\"https:\/\/hungarian-presidency.consilium.europa.eu\/\">\u00fcbernommen<\/a>. Stand die <a href=\"https:\/\/belgian-presidency.consilium.europa.eu\/de\/video-premierminister\/\">belgische<\/a> Ratspr\u00e4sidentschaft unter dem Motto \u00bbSch\u00fctzen. St\u00e4rken. Vorausschauen.\u00ab, hat Budapest die folgenden <a href=\"https:\/\/hungarian-presidency.consilium.europa.eu\/\">sechs Monate<\/a> unter den nicht unbedingt originelleren, aber ambitionierten Slogan \u00bbMake Europe great again\u00ab gestellt. Und gleich zum Auftakt ist es dem ungarischen Premier Viktor Orb\u00e1n gelungen, <i>Old Europe<\/i> in helle Aufregung zu versetzen.<\/p>\n<p>Mit einer Antrittsreise nach Kiew, Moskau, Baku und Peking, \u00fcber deren Sinn oder Unsinn durchaus zu streiten w\u00e4re, brachte der ungarische Regierungschef insbesondere Josep Borrell Fontelles gegen sich auf, den Hohen Au\u00dfenbeauftragten der Europ\u00e4ischen Union und stellvertretenden Pr\u00e4sidenten der Europ\u00e4ischen Kommission. Viktor Orb\u00e1n habe f\u00fcr seine Besuche \u00bbkein Mandat vom EU-Rat \u00fcbertragen\u00ab bekommen, <a href=\"https:\/\/www.eeas.europa.eu\/eeas\/russia-statement-high-representative-visit-prime-minister-orb\u00e1n-moscow_en\">emp\u00f6rte<\/a> sich der Spanier.<\/p>\n<p>Wenn hingegen er, der Chef des Ausw\u00e4rtigen Diensts in Br\u00fcssel, <a href=\"https:\/\/www.eeas.europa.eu\/eeas\/european-humanitarian-forum-speech-high-representativevice-president-josep-borrell-opening-ceremony_en\">erkl\u00e4rt<\/a>, \u00bbdie Israeli behindern weiterhin die humanit\u00e4re Hilfe und lassen die Menschen [in Gaza] hungern\u00ab, und damit ausnahmslos jedem B\u00fcrger <i>des<\/i> j\u00fcdischen Staates ein Verbrechen andichtet, dann hat Josep Borrell Fontelles gewi\u00df das Mandat seiner Europ\u00e4ischen Union dazu, mit seiner antisemitischen Hetze das Leben von Juden auch und insbesondere in Europa in Gefahr zu bringen.<\/p>\n<p>Es regte sich im offiziellen Europa bisher jedenfalls kein Protest ob dieser infamen L\u00fcge des spanischen Sozialisten im Namen Europas. Und das ist bezeichnend. Freilich, auch einem Viktor Orb\u00e1n sind antisemitische Ausf\u00e4lle nicht fremd. Da ist der Ungar im schlechtesten Sinne lediglich so europ\u00e4isch wie sein Kritiker. Ein Europa allerdings, das diesen Josep Borrell Fontelles gew\u00e4hren l\u00e4\u00dft, hat es verdient, von Viktor Orb\u00e1n vorgef\u00fchrt und blamiert zu werden.<\/p>\n","protected":false},"excerpt":{"rendered":"<p>Am 1. Juli hat Ungarn den Vorsitz des Rats der Europ\u00e4ischen Union \u00fcbernommen. Stand die belgische Ratspr\u00e4sidentschaft unter dem Motto \u00bbSch\u00fctzen. St\u00e4rken. Vorausschauen.\u00ab, hat Budapest die folgenden sechs Monate unter den nicht unbedingt originelleren, aber ambitionierten Slogan \u00bbMake Europe great again\u00ab gestellt. Und gleich zum Auftakt ist es dem ungarischen Premier Viktor Orb\u00e1n gelungen, Old [&hellip;]<\/p>\n","protected":false},"author":1,"featured_media":0,"comment_status":"open","ping_status":"open","sticky":false,"template":"","format":"standard","meta":{"footnotes":""},"categories":[2],"tags":[38,1076,120,123,124,136,148,560,374,384,401],"class_list":["post-8291","post","type-post","status-publish","format-standard","hentry","category-allgemein","tag-antisemitismus","tag-eeas","tag-eu","tag-europaeische-kommission","tag-europaeische-union","tag-fidesz","tag-gaza","tag-josep-borrell-fontelles","tag-terrorismus","tag-ungarn","tag-viktor-orban"],"_links":{"self":[{"href":"https:\/\/www.tw24.net\/index.php?rest_route=\/wp\/v2\/posts\/8291","targetHints":{"allow":["GET"]}}],"collection":[{"href":"https:\/\/www.tw24.net\/index.php?rest_route=\/wp\/v2\/posts"}],"about":[{"href":"https:\/\/www.tw24.net\/index.php?rest_route=\/wp\/v2\/types\/post"}],"author":[{"embeddable":true,"href":"https:\/\/www.tw24.net\/index.php?rest_route=\/wp\/v2\/users\/1"}],"replies":[{"embeddable":true,"href":"https:\/\/www.tw24.net\/index.php?rest_route=%2Fwp%2Fv2%2Fcomments&post=8291"}],"version-history":[{"count":1,"href":"https:\/\/www.tw24.net\/index.php?rest_route=\/wp\/v2\/posts\/8291\/revisions"}],"predecessor-version":[{"id":8292,"href":"https:\/\/www.tw24.net\/index.php?rest_route=\/wp\/v2\/posts\/8291\/revisions\/8292"}],"wp:attachment":[{"href":"https:\/\/www.tw24.net\/index.php?rest_route=%2Fwp%2Fv2%2Fmedia&parent=8291"}],"wp:term":[{"taxonomy":"category","embeddable":true,"href":"https:\/\/www.tw24.net\/index.php?rest_route=%2Fwp%2Fv2%2Fcategories&post=8291"},{"taxonomy":"post_tag","embeddable":true,"href":"https:\/\/www.tw24.net\/index.php?rest_route=%2Fwp%2Fv2%2Ftags&post=8291"}],"curies":[{"name":"wp","href":"https:\/\/api.w.org\/{rel}","templated":true}]}}