{"id":8306,"date":"2024-07-15T15:42:24","date_gmt":"2024-07-15T13:42:24","guid":{"rendered":"https:\/\/www.tw24.net\/?p=8306"},"modified":"2024-07-15T15:42:24","modified_gmt":"2024-07-15T13:42:24","slug":"quislinge-der-barbarei","status":"publish","type":"post","link":"https:\/\/www.tw24.net\/?p=8306","title":{"rendered":"Quislinge der Barbarei"},"content":{"rendered":"<p>Nach einem erfolgreichen Einsatz gegen Hamas-\u00bbK\u00e4mpfer\u00ab und F\u00fchrungskader der islamistischen Terrororganisation bei Khan Younis werden von E wie <a href=\"https:\/\/x.com\/JosepBorrellF\/status\/1812240193031712867\">Europ\u00e4ische Union<\/a> bis V wie <a href=\"https:\/\/en.mehrnews.com\/news\/217831\/UN-chief-condemns-Israeli-airstrike-on-Gaza-s-Khan-Younis\">Vereinte Nationen<\/a> einmal mehr die israelischen Streitkr\u00e4fte mit verleumderischen Vorw\u00fcrfen \u00fcberzogen. Bei den Angriffen auf ein von der Hamas kontrolliertes Areal wurde Rafa Salameh get\u00f6tet, ein als \u00bbprominent\u00ab geltender Hamas-Anf\u00fchrer.<\/p>\n<p>Auch Mohammed Deif k\u00f6nnte bei dem Einsatz verletzt oder ausgeschaltet worden sein, der \u00bbBefehlshaber\u00ab der <i>Al Qassam Brigades<\/i> der Hamas. Nach Angaben der Terrororganisation sollen bei dem von ihr als \u00bbMassaker\u00ab bezeichneten Operation etwa 90 Menschen get\u00f6tet und 300 verletzt worden sein. Und weil die Islamisten durchaus etwas von Propaganda verstehen, konnten sie sich auch auf ihre treuen Apologeten verlassen.<\/p>\n<p>F\u00fcr seine Europ\u00e4ische Union konstatierte Josep Borrell Fontelles, der Erfinder einer nach ihm benannten antisemitischen <a href=\"https:\/\/www.eeas.europa.eu\/eeas\/european-humanitarian-forum-speech-high-representativevice-president-josep-borrell-opening-ceremony_en\">Ritualmordlegende<\/a> (\u00bbDie Israeli behindern [..] humanit\u00e4re Hilfe und lassen die Menschen [in Gaza ver-] hungern.\u00ab), \u00bberneut scheint ein gegen Hamas-Ziele gerichteter Angriff der IDF ein Blutbad verursacht zu haben\u00ab, und dozierte weiter, \u00bbKriege haben v\u00f6lkerrechtlich verankerte Grenzen; der Zweck heiligt nicht alle Mittel\u00ab.<\/p>\n<p>Und Ant\u00f3nio Guterres, der \u00bbschockierte und best\u00fcrzte\u00ab Antisemit an der Spitze der Vereinten Nationen, klagte, der Einsatz der israelischen Streitkr\u00e4fte \u00bbunterstreicht, da\u00df es nirgendwo in Gaza sicher\u00ab sei. Es ist in der Tat allerdings nicht die israelische Armee, die Gaza zu einem unsicheren Ort macht, es sind Terroristen und terroristische Kader, die sich unter und hinter Zivilisten verstecken, die sie oft genug bewu\u00dft decken und mit ihnen kollaborieren.<\/p>\n<p>Die Verantwortlichen f\u00fcr das Pogrom vom 7. Oktober 2023 <i>sollen<\/i> nirgends sicher sein. Und Zivilisten, die sie \u00bbund ihre Entourage\u00ab, wie eine Zeitung <a href=\"https:\/\/www.derstandard.de\/story\/3000000228326\/zustand-von-hamas-militaerchef-deif-nach-angriff-mit-zahlreichen-toten-in-gaza-unklar\">formulierte<\/a>, unter sich dulden, statt sie zum n\u00e4chsterreichbaren Teufel zu jagen, sollten wissen, da\u00df es auch f\u00fcr sie keinen absoluten Schutz gibt, denn sie sind, was sie sind: Komplizen. Es w\u00e4re Aufgabe eines Spitzendiplomaten, der als moralisch integer gelten will, das den \u00bbPal\u00e4stinensern\u00ab zu sagen.<\/p>\n","protected":false},"excerpt":{"rendered":"<p>Nach einem erfolgreichen Einsatz gegen Hamas-\u00bbK\u00e4mpfer\u00ab und F\u00fchrungskader der islamistischen Terrororganisation bei Khan Younis werden von E wie Europ\u00e4ische Union bis V wie Vereinte Nationen einmal mehr die israelischen Streitkr\u00e4fte mit verleumderischen Vorw\u00fcrfen \u00fcberzogen. Bei den Angriffen auf ein von der Hamas kontrolliertes Areal wurde Rafa Salameh get\u00f6tet, ein als \u00bbprominent\u00ab geltender Hamas-Anf\u00fchrer. Auch Mohammed [&hellip;]<\/p>\n","protected":false},"author":1,"featured_media":0,"comment_status":"open","ping_status":"open","sticky":false,"template":"","format":"standard","meta":{"footnotes":""},"categories":[2],"tags":[38,40,42,67,112,120,123,124,148,157,192,560,374,725,399],"class_list":["post-8306","post","type-post","status-publish","format-standard","hentry","category-allgemein","tag-antisemitismus","tag-antonio-guterres","tag-appeasement","tag-bias","tag-double-standards","tag-eu","tag-europaeische-kommission","tag-europaeische-union","tag-gaza","tag-hamas","tag-islamismus","tag-josep-borrell-fontelles","tag-terrorismus","tag-un","tag-vereinte-nationen"],"_links":{"self":[{"href":"https:\/\/www.tw24.net\/index.php?rest_route=\/wp\/v2\/posts\/8306","targetHints":{"allow":["GET"]}}],"collection":[{"href":"https:\/\/www.tw24.net\/index.php?rest_route=\/wp\/v2\/posts"}],"about":[{"href":"https:\/\/www.tw24.net\/index.php?rest_route=\/wp\/v2\/types\/post"}],"author":[{"embeddable":true,"href":"https:\/\/www.tw24.net\/index.php?rest_route=\/wp\/v2\/users\/1"}],"replies":[{"embeddable":true,"href":"https:\/\/www.tw24.net\/index.php?rest_route=%2Fwp%2Fv2%2Fcomments&post=8306"}],"version-history":[{"count":1,"href":"https:\/\/www.tw24.net\/index.php?rest_route=\/wp\/v2\/posts\/8306\/revisions"}],"predecessor-version":[{"id":8307,"href":"https:\/\/www.tw24.net\/index.php?rest_route=\/wp\/v2\/posts\/8306\/revisions\/8307"}],"wp:attachment":[{"href":"https:\/\/www.tw24.net\/index.php?rest_route=%2Fwp%2Fv2%2Fmedia&parent=8306"}],"wp:term":[{"taxonomy":"category","embeddable":true,"href":"https:\/\/www.tw24.net\/index.php?rest_route=%2Fwp%2Fv2%2Fcategories&post=8306"},{"taxonomy":"post_tag","embeddable":true,"href":"https:\/\/www.tw24.net\/index.php?rest_route=%2Fwp%2Fv2%2Ftags&post=8306"}],"curies":[{"name":"wp","href":"https:\/\/api.w.org\/{rel}","templated":true}]}}