{"id":8378,"date":"2024-08-14T16:12:58","date_gmt":"2024-08-14T14:12:58","guid":{"rendered":"https:\/\/www.tw24.net\/?p=8378"},"modified":"2024-08-14T16:12:58","modified_gmt":"2024-08-14T14:12:58","slug":"berauschende-stille","status":"publish","type":"post","link":"https:\/\/www.tw24.net\/?p=8378","title":{"rendered":"Berauschende Stille"},"content":{"rendered":"<p>Islamistische Terroristen haben am Dienstag von Gaza aus Tel Aviv mit Raketen <a href=\"https:\/\/www.reuters.com\/world\/middle-east\/hamas-says-it-targeted-tel-aviv-with-two-rockets-explosions-heard-2024-08-13\/\">beschossen<\/a>. W\u00e4hrend in der Wei\u00dfen Stadt Explosionen zu h\u00f6ren gewesen sein sollen, sahen die israelischen Streitkr\u00e4fte keine Veranlassung, einen Alarm auszul\u00f6sen, da abzusehen gewesen sei, da\u00df die Raketen im Mittelmeer oder noch in Gaza niedergehen w\u00fcrden. Von Verwirrung abgesehen verursachte der von der Hamas gleichwohl gefeierte Angriff keine Sch\u00e4den.<\/p>\n<p>Wie von der islamistischen Terrororganisation verbreitete Videoaufnahmen dokumentieren, trugen ihre \u00bbK\u00e4mpfer\u00ab bei den Vorbereitungen und dem Z\u00fcnden der Geschosse Zivilkleidung. Die israelischen Sicherheitskr\u00e4fte lokalisierten derweil den Abschu\u00dfort der Raketen in unmittelbarer N\u00e4he zu einer Nachschubroute f\u00fcr humanit\u00e4re G\u00fcter im Gebiet von Khan Younis. Gezielt brachten die Terroristen damit Zivilisten in Israel wie in Gaza in Gefahr.<\/p>\n<p>Dennoch schweigen insbesondere jene \u00bbMenschenrechtsaktivisten\u00ab dazu, die mit Vorliebe Jerusalem lautstark beschuldigen, es nehme nicht ausreichend R\u00fccksicht auf Zivilisten. Von Josep Borrell Fontelles, dem f\u00fcr seinen Antisemitismus freilich ber\u00fcchtigten Hohen Au\u00dfenbeauftragten der Europ\u00e4ischen Union, ist bislang keine \u00c4u\u00dferung zum Mi\u00dfbrauch einer humanit\u00e4ren Schutzzone f\u00fcr Raketenangriffe auf Israel durch die Hamas zu vernehmen.<\/p>\n<p>Und auch die Au\u00dfenministerien in Paris und London oder Berlin sind auffallend still. Weder \u00e4u\u00dfern sie Entsetzen dar\u00fcber, da\u00df die Islamisten \u00bbpal\u00e4stinensische\u00ab Zivilisten und dringend ben\u00f6tigte Infrastruktur zu deren Versorgung in Gefahr brachten, noch zeigen sie sich \u00bbbesorgt\u00ab ob des anvisierten Ziels. Und selbstverst\u00e4ndlich fallen auch die sonst um keine Belehrung verlegenen Vertreter der Vereinten Nationen dadurch auf, da\u00df sie nicht \u00fcberraschen.<\/p>\n","protected":false},"excerpt":{"rendered":"<p>Islamistische Terroristen haben am Dienstag von Gaza aus Tel Aviv mit Raketen beschossen. W\u00e4hrend in der Wei\u00dfen Stadt Explosionen zu h\u00f6ren gewesen sein sollen, sahen die israelischen Streitkr\u00e4fte keine Veranlassung, einen Alarm auszul\u00f6sen, da abzusehen gewesen sei, da\u00df die Raketen im Mittelmeer oder noch in Gaza niedergehen w\u00fcrden. Von Verwirrung abgesehen verursachte der von der [&hellip;]<\/p>\n","protected":false},"author":1,"featured_media":0,"comment_status":"open","ping_status":"open","sticky":false,"template":"","format":"standard","meta":{"footnotes":""},"categories":[2],"tags":[38,68,102,112,120,124,145,148,157,192,194,374,398,399],"class_list":["post-8378","post","type-post","status-publish","format-standard","hentry","category-allgemein","tag-antisemitismus","tag-bigotterie","tag-deutschland","tag-double-standards","tag-eu","tag-europaeische-union","tag-frankreich","tag-gaza","tag-hamas","tag-islamismus","tag-israel","tag-terrorismus","tag-vereinigtes-koenigreich","tag-vereinte-nationen"],"_links":{"self":[{"href":"https:\/\/www.tw24.net\/index.php?rest_route=\/wp\/v2\/posts\/8378","targetHints":{"allow":["GET"]}}],"collection":[{"href":"https:\/\/www.tw24.net\/index.php?rest_route=\/wp\/v2\/posts"}],"about":[{"href":"https:\/\/www.tw24.net\/index.php?rest_route=\/wp\/v2\/types\/post"}],"author":[{"embeddable":true,"href":"https:\/\/www.tw24.net\/index.php?rest_route=\/wp\/v2\/users\/1"}],"replies":[{"embeddable":true,"href":"https:\/\/www.tw24.net\/index.php?rest_route=%2Fwp%2Fv2%2Fcomments&post=8378"}],"version-history":[{"count":1,"href":"https:\/\/www.tw24.net\/index.php?rest_route=\/wp\/v2\/posts\/8378\/revisions"}],"predecessor-version":[{"id":8379,"href":"https:\/\/www.tw24.net\/index.php?rest_route=\/wp\/v2\/posts\/8378\/revisions\/8379"}],"wp:attachment":[{"href":"https:\/\/www.tw24.net\/index.php?rest_route=%2Fwp%2Fv2%2Fmedia&parent=8378"}],"wp:term":[{"taxonomy":"category","embeddable":true,"href":"https:\/\/www.tw24.net\/index.php?rest_route=%2Fwp%2Fv2%2Fcategories&post=8378"},{"taxonomy":"post_tag","embeddable":true,"href":"https:\/\/www.tw24.net\/index.php?rest_route=%2Fwp%2Fv2%2Ftags&post=8378"}],"curies":[{"name":"wp","href":"https:\/\/api.w.org\/{rel}","templated":true}]}}