{"id":8500,"date":"2024-10-02T15:39:54","date_gmt":"2024-10-02T13:39:54","guid":{"rendered":"https:\/\/www.tw24.net\/?p=8500"},"modified":"2024-10-02T18:16:21","modified_gmt":"2024-10-02T16:16:21","slug":"unwillkommener-relativierer","status":"publish","type":"post","link":"https:\/\/www.tw24.net\/?p=8500","title":{"rendered":"Unwillkommener Relativierer"},"content":{"rendered":"<p>Mit einem massiven Raketenangriff auf Israel, der au\u00dferhalb <i>des<\/i> j\u00fcdischen Staates mehr menschliche Opfer <a href=\"https:\/\/www.aa.com.tr\/en\/middle-east\/palestinian-killed-in-west-bank-from-rocket-shrapnel-following-iranian-attack-on-israel\/3348428\">forderte<\/a> als <a href=\"https:\/\/www.reuters.com\/world\/middle-east\/gazan-buried-only-known-victim-iranian-barrage-against-israel-2024-10-02\/\">innerhalb<\/a>, hat das islamistische Regime in Teheran am Dienstag einmal mehr und ganz ausdr\u00fccklich seine Verbundenheit mit all jenen Terrororganisationen zum Ausdruck gebracht, die sich seit nunmehr bald einem Jahr m\u00fchen, die Existenz der einzigen einigerma\u00dfen funktionierenden Demokratie gewaltsam zu beenden.<\/p>\n<p>Es sollte ob dieser Sachlage nicht schwer fallen, ein Statement zu formulieren, das T\u00e4ter und Opfer klar benennt. So <a href=\"https:\/\/www.whitehouse.gov\/briefing-room\/speeches-remarks\/2024\/10\/01\/remarks-by-vice-president-harris-on-the-iranian-ballistic-missile-attack-against-israel\/\">hielt<\/a> etwa US-Vizepr\u00e4sidentin Kamala Harris, durchaus keine gl\u00fchende Verehrerin Benjamin Netanjahus, fest, \u00bbder Iran hat heute bei einem in einem r\u00fccksichtslosen und skrupellosen Angriff ungef\u00e4hr 200 Raketen auf Israel abgefeuert, ich verurteile diesen Angriff aufs sch\u00e4rfste\u00ab. Ant\u00f3nio Guterres war damit erkennbar \u00fcberfordert.<\/p>\n<p>\u00bbIch verurteile die Ausweitung des Konflikts im Nahen Osten mit einer Eskalation nach der anderen\u00ab, lie\u00df der Generalsekret\u00e4r der Vereinten Nationen in seiner <a href=\"https:\/\/www.un.org\/sg\/en\/content\/sg\/statement\/2024-10-01\/statement-the-secretary-general-latest-attacks-the-middle-east\">Stellungnahme<\/a> lediglich wissen, \u00bbdas\u00ab m\u00fcsse \u00bbaufh\u00f6ren. Wir brauchen unbedingt einen Waffenstillstand.\u00ab Damit dr\u00fcckte der Diplomat, der schon kurz nach dem 7. Oktober 2023 die bestialische Gewalt der Hamas zu relativieren versucht hatte, sich nicht nur vor einer Positionierung.<\/p>\n<p>Er stellte mit seiner Wortwahl zugleich einen staatsterroristischen Raketenangriff auf eine Stufe mit der gebotenen Verteidigung gegen eben solche Gewalt: Er bestritt damit Israels Recht auf Selbstverteidigung. Da\u00df er von dem Staat, den der UN-Generalsekret\u00e4r so verleumdete, zur \u00bbunerw\u00fcnschten Person\u00ab <a href=\"https:\/\/english.ahram.org.eg\/NewsContent\/58\/1262\/532879\/War-on-Gaza\/War-on-Gaza\/Israel-bans-UN-chief-Guterres-from-entering-the-co.aspx\">erkl\u00e4rt<\/a> wurde, ist so nachvollziehbar wie gerechtfertigt, zumal angesichts der Verstrickungen seiner Organisation in antisemitischen Terror.<\/p>\n<p>Ant\u00f3nio Guterres hat erneut bewiesen, da\u00df ihm jeder moralische Kompa\u00df abgeht. Es ist zynisch, die Verteidigung gegen (staats-)terroristische Angriffe ebenso wie diese als \u00bbEskalation\u00ab zu denunzieren. Damit ist der Portugiese zwar wom\u00f6glich ideal an der Spitze <i>dieser<\/i> Vereinten Nationen, gleichzeitig stellt er sie aber als \u00bbInstitution\u00ab blo\u00df, die mit jenen Werten, f\u00fcr die zu stehen sie vorgibt, nichts zu tun hat. Weshalb sollte Israel ihn begr\u00fc\u00dfen?<\/p>\n","protected":false},"excerpt":{"rendered":"<p>Mit einem massiven Raketenangriff auf Israel, der au\u00dferhalb des j\u00fcdischen Staates mehr menschliche Opfer forderte als innerhalb, hat das islamistische Regime in Teheran am Dienstag einmal mehr und ganz ausdr\u00fccklich seine Verbundenheit mit all jenen Terrororganisationen zum Ausdruck gebracht, die sich seit nunmehr bald einem Jahr m\u00fchen, die Existenz der einzigen einigerma\u00dfen funktionierenden Demokratie gewaltsam [&hellip;]<\/p>\n","protected":false},"author":1,"featured_media":0,"comment_status":"open","ping_status":"open","sticky":false,"template":"","format":"standard","meta":{"footnotes":""},"categories":[2],"tags":[38,40,68,112,948,191,192,194,764,374,1302,399],"class_list":["post-8500","post","type-post","status-publish","format-standard","hentry","category-allgemein","tag-antisemitismus","tag-antonio-guterres","tag-bigotterie","tag-double-standards","tag-irgc","tag-islamische-republik-iran","tag-islamismus","tag-israel","tag-staatsterrorismus","tag-terrorismus","tag-ungc","tag-vereinte-nationen"],"_links":{"self":[{"href":"https:\/\/www.tw24.net\/index.php?rest_route=\/wp\/v2\/posts\/8500","targetHints":{"allow":["GET"]}}],"collection":[{"href":"https:\/\/www.tw24.net\/index.php?rest_route=\/wp\/v2\/posts"}],"about":[{"href":"https:\/\/www.tw24.net\/index.php?rest_route=\/wp\/v2\/types\/post"}],"author":[{"embeddable":true,"href":"https:\/\/www.tw24.net\/index.php?rest_route=\/wp\/v2\/users\/1"}],"replies":[{"embeddable":true,"href":"https:\/\/www.tw24.net\/index.php?rest_route=%2Fwp%2Fv2%2Fcomments&post=8500"}],"version-history":[{"count":2,"href":"https:\/\/www.tw24.net\/index.php?rest_route=\/wp\/v2\/posts\/8500\/revisions"}],"predecessor-version":[{"id":8502,"href":"https:\/\/www.tw24.net\/index.php?rest_route=\/wp\/v2\/posts\/8500\/revisions\/8502"}],"wp:attachment":[{"href":"https:\/\/www.tw24.net\/index.php?rest_route=%2Fwp%2Fv2%2Fmedia&parent=8500"}],"wp:term":[{"taxonomy":"category","embeddable":true,"href":"https:\/\/www.tw24.net\/index.php?rest_route=%2Fwp%2Fv2%2Fcategories&post=8500"},{"taxonomy":"post_tag","embeddable":true,"href":"https:\/\/www.tw24.net\/index.php?rest_route=%2Fwp%2Fv2%2Ftags&post=8500"}],"curies":[{"name":"wp","href":"https:\/\/api.w.org\/{rel}","templated":true}]}}