{"id":8523,"date":"2024-10-12T14:45:56","date_gmt":"2024-10-12T12:45:56","guid":{"rendered":"https:\/\/www.tw24.net\/?p=8523"},"modified":"2024-10-12T15:01:25","modified_gmt":"2024-10-12T13:01:25","slug":"allianz-gegen-israel","status":"publish","type":"post","link":"https:\/\/www.tw24.net\/?p=8523","title":{"rendered":"Allianz gegen Israel"},"content":{"rendered":"<p>Nach Angaben der Vereinten Nationen sind den vergangenen Tagen wiederholt UNIFIL-St\u00fctzpunkte im S\u00fcden Libanons von israelischen Geschossen getroffen worden. Zuletzt beklagten UN-\u00bbBlauhelme\u00ab, von israelischen Bulldozern <a href=\"https:\/\/www.jpost.com\/breaking-news\/article-824246\">\u00bbattackiert\u00ab<\/a> worden zu sein. Sollen bei diesem \u00bbAngriff\u00ab Betonteile <a href=\"https:\/\/www.ansa.it\/english\/news\/2024\/10\/11\/walls-of-italian-unifil-base-knocked-down-by-idf-bulldozer_8a231c6a-5555-4df5-80b6-719a02c532ff.html\">besch\u00e4digt<\/a> worden sein, wurden bei anderen Zwischenf\u00e4llen angeblich Angeh\u00f6rige der inzwischen wieder so bezeichneten <a href=\"https:\/\/www.tagesschau.de\/ausland\/asien\/libanon-israel-blauhelme-nahost-102.html\">\u00bbFriedenstruppe\u00ab<\/a> verletzt.<\/p>\n<p>Ohne Stellungnahmen der israelischen Streitkr\u00e4fte zu solchen Vorf\u00e4llen abzuwarten sind sich Medien, die sich j\u00fcngst noch \u00fcber mangelnden Zugang zum Kampfgebiet beklagten, und internationale Diplomatie einig, da\u00df es sich um <i>gezielte<\/i> und daher nat\u00fcrlich verurteilenswerte Angriffe gehandelt haben mu\u00df. \u00bbIsrael beschie\u00dft erneut UN-Friedenstruppe\u00ab, behauptete die <i>tagesschau<\/i>, w\u00e4hrend der <i>Der SPIEGEL<\/i> schon weiter <a href=\"https:\/\/www.spiegel.de\/ausland\/unifil-und-der-krieg-im-libanon-friedenstruppen-unter-feuer-a-35c12b67-97a2-4708-8652-984761a3cb49\">denkt<\/a>: \u00bbWas kommt als n\u00e4chstes?\u00ab<\/p>\n<p>Josep Borrell Fontelles, der gl\u00fchende Antisemit, dem noch immer der Ausw\u00e4rtige Dienst der Europ\u00e4ischen Union (EEAS) unterstellt ist, <a href=\"https:\/\/x.com\/JosepBorrellF\/status\/1844385197560824311\">verurteilte<\/a> den \u00bbinakzeptablen Akt\u00ab, das Ausw\u00e4rtige Amt in Berlin <a href=\"https:\/\/www.zdf.de\/nachrichten\/politik\/ausland\/libanon-un-israel-angriff-nahost-100.html\">teilte mit<\/a>, \u00bbder Beschuss von UN-Friedenstruppen sei [..] \u203ain keinerlei Weise akzeptabel und hinnehmbar\u2039\u00ab. Die \u00bbFriedenstruppe\u00ab, unter deren Augen die Hisbollah in den vergangenen Jahren ungehindert massiv <a href=\"https:\/\/www.theguardian.com\/world\/2009\/nov\/08\/hezbollah-rearms-against-israel\">aufr\u00fcsten<\/a> konnte, war freilich gewarnt.<\/p>\n<p>Schon vor \u00fcber einer Woche hatte Jerusalem die UNIFIL aufgefordert, sich aus dem unmittelbaren Grenzgebiet zur\u00fcckzuziehen, da sonst ihre Sicherheit nicht gew\u00e4hrleistet sei. Anders als die <a href=\"https:\/\/english.alarabiya.net\/News\/middle-east\/2024\/09\/30\/israel-declares-part-of-northern-border-with-lebanon-closed-military-zone-\">libanesische Armee<\/a> <a href=\"https:\/\/aoav.org.uk\/2024\/ireland-and-unifil-reject-israeli-request-to-withdraw-peacekeepers-from-lebanon\/\">verweigerten<\/a> sich die \u00bbBlauhelme\u00ab &#8211; mit der sehr sinnigen Begr\u00fcndung, die Anwesenheit der \u00bbBlauhelme\u00ab verhindere einen \u00bbgr\u00f6\u00dferen Konflikt\u00ab und garantiere einen \u00bbbr\u00fcchigen Frieden\u00ab, der sp\u00e4testens seit dem <a href=\"https:\/\/unifil.unmissions.org\/unifil-statement-rocket-and-return-fire-08-october-2023\">8. Oktober 2023<\/a> eine Fiktion ist.<\/p>\n<p>Die israelischen Streitkr\u00e4fte wiesen derweil die Behauptung zur\u00fcck, sie zielten auf die UNIFIL. Ihr Vorgehen, \u00fcber das sie im \u00fcbrigen die \u00bbFriedenstruppe\u00ab st\u00e4ndig <a href=\"https:\/\/www.reuters.com\/world\/middle-east\/israeli-military-says-it-opened-fire-near-unifil-base-southern-lebanon-2024-10-10\/\">informierten<\/a>, habe allein der Bek\u00e4mpfung von Hisbollah-Terroristen und den von ihnen ausgehenden \u00bbakuten Bedrohungen\u00ab <a href=\"https:\/\/www.timesofisrael.com\/idf-says-two-un-peacekeepers-hurt-when-soldiers-fired-at-immediate-threat-to-troops\/\">gegolten<\/a>. Die Islamisten suchen &#8211; eine nicht erst seit gestern auch anderswo ge\u00fcbte Praxis &#8211; f\u00fcr ihre Angriffe auch und mit Vorliebe die N\u00e4he \u00bbgesch\u00fctzter\u00ab Einrichtungen.<\/p>\n<p>Der Bunker, in dem Hisbollah-Anf\u00fchrer Hassan Nasrollah am 27. September ausgeschaltet werden konnte, lag <a href=\"https:\/\/x.com\/IDF\/status\/1840367036934828231\">keine 60 Meter<\/a> von einer von den Vereinten Nationen betriebenen Schule entfernt, die Darstellung der israelischen Streitkr\u00e4fte ist daher \u00fcberaus plausibel. Da\u00df all die, die ihre Vorw\u00fcrfe, die tats\u00e4chlich Verleumdungen sind, nicht einmal diese M\u00f6glichkeit erw\u00e4gen, macht sie, alle auf ihre Weise, zu Gehilfen, zu Verb\u00fcndeten der islamistischen Barbarei.<\/p>\n","protected":false},"excerpt":{"rendered":"<p>Nach Angaben der Vereinten Nationen sind den vergangenen Tagen wiederholt UNIFIL-St\u00fctzpunkte im S\u00fcden Libanons von israelischen Geschossen getroffen worden. Zuletzt beklagten UN-\u00bbBlauhelme\u00ab, von israelischen Bulldozern \u00bbattackiert\u00ab worden zu sein. Sollen bei diesem \u00bbAngriff\u00ab Betonteile besch\u00e4digt worden sein, wurden bei anderen Zwischenf\u00e4llen angeblich Angeh\u00f6rige der inzwischen wieder so bezeichneten \u00bbFriedenstruppe\u00ab verletzt. Ohne Stellungnahmen der israelischen Streitkr\u00e4fte [&hellip;]<\/p>\n","protected":false},"author":1,"featured_media":0,"comment_status":"open","ping_status":"open","sticky":false,"template":"","format":"standard","meta":{"footnotes":""},"categories":[2],"tags":[906,38,49,67,102,112,120,124,169,176,192,560,247,374,725,388,399],"class_list":["post-8523","post","type-post","status-publish","format-standard","hentry","category-allgemein","tag-annalena-baerbock","tag-antisemitismus","tag-auswaertiges-amt","tag-bias","tag-deutschland","tag-double-standards","tag-eu","tag-europaeische-union","tag-hisbollah","tag-idf","tag-islamismus","tag-josep-borrell-fontelles","tag-libanon","tag-terrorismus","tag-un","tag-unifil","tag-vereinte-nationen"],"_links":{"self":[{"href":"https:\/\/www.tw24.net\/index.php?rest_route=\/wp\/v2\/posts\/8523","targetHints":{"allow":["GET"]}}],"collection":[{"href":"https:\/\/www.tw24.net\/index.php?rest_route=\/wp\/v2\/posts"}],"about":[{"href":"https:\/\/www.tw24.net\/index.php?rest_route=\/wp\/v2\/types\/post"}],"author":[{"embeddable":true,"href":"https:\/\/www.tw24.net\/index.php?rest_route=\/wp\/v2\/users\/1"}],"replies":[{"embeddable":true,"href":"https:\/\/www.tw24.net\/index.php?rest_route=%2Fwp%2Fv2%2Fcomments&post=8523"}],"version-history":[{"count":3,"href":"https:\/\/www.tw24.net\/index.php?rest_route=\/wp\/v2\/posts\/8523\/revisions"}],"predecessor-version":[{"id":8526,"href":"https:\/\/www.tw24.net\/index.php?rest_route=\/wp\/v2\/posts\/8523\/revisions\/8526"}],"wp:attachment":[{"href":"https:\/\/www.tw24.net\/index.php?rest_route=%2Fwp%2Fv2%2Fmedia&parent=8523"}],"wp:term":[{"taxonomy":"category","embeddable":true,"href":"https:\/\/www.tw24.net\/index.php?rest_route=%2Fwp%2Fv2%2Fcategories&post=8523"},{"taxonomy":"post_tag","embeddable":true,"href":"https:\/\/www.tw24.net\/index.php?rest_route=%2Fwp%2Fv2%2Ftags&post=8523"}],"curies":[{"name":"wp","href":"https:\/\/api.w.org\/{rel}","templated":true}]}}