{"id":8590,"date":"2024-11-04T16:33:21","date_gmt":"2024-11-04T14:33:21","guid":{"rendered":"https:\/\/www.tw24.net\/?p=8590"},"modified":"2024-11-04T16:33:21","modified_gmt":"2024-11-04T14:33:21","slug":"friedenshindernis-ramallah","status":"publish","type":"post","link":"https:\/\/www.tw24.net\/?p=8590","title":{"rendered":"Friedenshindernis Ramallah"},"content":{"rendered":"<p>Die \u00bbpal\u00e4stinensische\u00ab Terrororganisation PLO, die das Regime um \u00bbPr\u00e4sident\u00ab Abu Mazen stellt, und die islamistische Hamas kommen sich weiter n\u00e4her. Wie \u00e4gyptische Medien <a href=\"https:\/\/www.newarab.com\/news\/hamas-fatah-delegations-cairo-gaza-day-after-talks\">berichten<\/a>, haben ranghohe Vertreter der Terrororganisationen ihre Verhandlungen \u00fcber eine gemeinsame Nachkriegs-\u00bbRegierung\u00ab f\u00fcr die bis 1967 jordanisch besetzten Gebiete sowie Gaza fortgesetzt und dabei weitere Streitpunkte ausger\u00e4umt, hei\u00dft es.<\/p>\n<p>Mit ihrer fortgesetzten Ann\u00e4herung an die Hamas sabotiert die \u00bbPal\u00e4stinenserf\u00fchrung\u00ab um Abu Mazen in aller Offenheit nicht \u00bbnur\u00ab den Kampf Israels zur Zerschlagung der f\u00fcr das b\u00f6sartigste antisemitische Pogrom seit Ende des Zweiten Weltkriegs verantwortlichen Terrororganisation, sondern alle Bem\u00fchungen um eine \u00bbZwei-Staaten-L\u00f6sung\u00ab, die vielerorts irrt\u00fcmlich als Voraussetzung f\u00fcr einen Frieden angesehen wird.<\/p>\n<p>H\u00e4tten Abu Mazens Fatah und die PLO den beschleunigten Einzug Yahya Sinwars in die H\u00f6lle nutzen k\u00f6nnen, sich von der Hamas und ihren Verbrechen zu distanzieren, erkl\u00e4rte der \u00bbPal\u00e4stinenserpr\u00e4sident\u00ab den Erzterroristen zum \u00bbgro\u00dfen nationalen F\u00fchrer\u00ab. Vor diesem Hintergrund ist es zwar folgerichtig, sucht die \u00bbPal\u00e4stinenserf\u00fchrung\u00ab das B\u00fcndnis mit der Hamas. Damit jedoch macht sie eine \u00bbZwei-Staaten-L\u00f6sung\u00ab unm\u00f6glich.<\/p>\n<p>Denn nicht erst &#8211; aber sp\u00e4testens &#8211; seit dem 7. Oktober 2023 sollte jedem einigerma\u00dfen zivilisierten Menschen klar sein, da\u00df eine Beteiligung der Hamas an einer \u00bbpal\u00e4stinensischen Regierung\u00ab inakzeptabel ist. Auch <a href=\"https:\/\/www.auswaertiges-amt.de\/blob\/203700\/e1fcb65967aab990f1b4265f0c74e3c2\/roadmap-pdf-data.pdf\">Abkommen<\/a> mit Abu Mazen Unterschrift sind eindeutig: \u00bbEine Zwei-Staaten-Regelung [..] kann nur erreicht werden [..], wenn das pal\u00e4stinensische Volk eine F\u00fchrung hat, die entschieden gegen den Terrorismus vorgeht\u00ab.<\/p>\n<p>Das Gegenteil geschieht, glorifiziert ausgerechnet die als \u00bbgem\u00e4\u00dfigt\u00ab geltende \u00bbPal\u00e4stinenserf\u00fchrung\u00ab die Hamas, indem sie sie aufwertet. Eine \u00bbRegierung\u00ab mit ihr w\u00e4re eine von Kinderschl\u00e4chtern, brutalen Vergewaltigern und blutr\u00fcnstigen M\u00f6rdern. Wer angesichts dieser von Ramallah vorangetriebenen Bem\u00fchungen eine Anerkennung \u00bbPal\u00e4stinas\u00ab fordert oder gar erw\u00e4gt, macht den Steigb\u00fcgelhalter einer solchen \u00bbRegierung\u00ab.<\/p>\n","protected":false},"excerpt":{"rendered":"<p>Die \u00bbpal\u00e4stinensische\u00ab Terrororganisation PLO, die das Regime um \u00bbPr\u00e4sident\u00ab Abu Mazen stellt, und die islamistische Hamas kommen sich weiter n\u00e4her. Wie \u00e4gyptische Medien berichten, haben ranghohe Vertreter der Terrororganisationen ihre Verhandlungen \u00fcber eine gemeinsame Nachkriegs-\u00bbRegierung\u00ab f\u00fcr die bis 1967 jordanisch besetzten Gebiete sowie Gaza fortgesetzt und dabei weitere Streitpunkte ausger\u00e4umt, hei\u00dft es. Mit ihrer fortgesetzten [&hellip;]<\/p>\n","protected":false},"author":1,"featured_media":0,"comment_status":"open","ping_status":"open","sticky":false,"template":"","format":"standard","meta":{"footnotes":""},"categories":[2],"tags":[16,38,130,157,192,252,313,374,424],"class_list":["post-8590","post","type-post","status-publish","format-standard","hentry","category-allgemein","tag-abu-mazen","tag-antisemitismus","tag-fatah","tag-hamas","tag-islamismus","tag-mahmoud-abbas","tag-plo","tag-terrorismus","tag-zwei-staaten-loesung"],"_links":{"self":[{"href":"https:\/\/www.tw24.net\/index.php?rest_route=\/wp\/v2\/posts\/8590","targetHints":{"allow":["GET"]}}],"collection":[{"href":"https:\/\/www.tw24.net\/index.php?rest_route=\/wp\/v2\/posts"}],"about":[{"href":"https:\/\/www.tw24.net\/index.php?rest_route=\/wp\/v2\/types\/post"}],"author":[{"embeddable":true,"href":"https:\/\/www.tw24.net\/index.php?rest_route=\/wp\/v2\/users\/1"}],"replies":[{"embeddable":true,"href":"https:\/\/www.tw24.net\/index.php?rest_route=%2Fwp%2Fv2%2Fcomments&post=8590"}],"version-history":[{"count":1,"href":"https:\/\/www.tw24.net\/index.php?rest_route=\/wp\/v2\/posts\/8590\/revisions"}],"predecessor-version":[{"id":8591,"href":"https:\/\/www.tw24.net\/index.php?rest_route=\/wp\/v2\/posts\/8590\/revisions\/8591"}],"wp:attachment":[{"href":"https:\/\/www.tw24.net\/index.php?rest_route=%2Fwp%2Fv2%2Fmedia&parent=8590"}],"wp:term":[{"taxonomy":"category","embeddable":true,"href":"https:\/\/www.tw24.net\/index.php?rest_route=%2Fwp%2Fv2%2Fcategories&post=8590"},{"taxonomy":"post_tag","embeddable":true,"href":"https:\/\/www.tw24.net\/index.php?rest_route=%2Fwp%2Fv2%2Ftags&post=8590"}],"curies":[{"name":"wp","href":"https:\/\/api.w.org\/{rel}","templated":true}]}}