{"id":8630,"date":"2024-11-20T16:54:24","date_gmt":"2024-11-20T14:54:24","guid":{"rendered":"https:\/\/www.tw24.net\/?p=8630"},"modified":"2024-11-20T16:54:24","modified_gmt":"2024-11-20T14:54:24","slug":"chronisches-organversagen","status":"publish","type":"post","link":"https:\/\/www.tw24.net\/?p=8630","title":{"rendered":"Chronisches Organversagen"},"content":{"rendered":"<p>Die Au\u00dfenminister der Europ\u00e4ischen Union sind bei ihrer j\u00fcngsten Zusammenkunft nicht dem Vorschlag Josep Borrell Fontelles\u2019 gefolgt, ihren \u00bbregelm\u00e4\u00dfigen Dialog\u00ab mit Israel abzubrechen. Das \u00e4ndert freilich wenig an der nach wie vor skandal\u00f6sen Tatsache, da\u00df der gl\u00fchende Antisemit weiterhin dem Ausw\u00e4rtigen Dienst der EU vorsteht. Selbst wenn es wom\u00f6glich \u00bbnur\u00ab noch Tage sein sollten, ist jede Minute eine zuviel.<\/p>\n<p>Sabotierte Josep Borrell Fontelles bereits vor dem 7. Oktober 2023 die europ\u00e4ischen Beziehungen <i>zum<\/i> j\u00fcdischen Staat, wo ihm dies nur m\u00f6glich war, l\u00e4\u00dft er seither keine Gelegenheit aus, Israel und seine Regierung zu verleumden und ins Unrecht zu setzen, w\u00e4hrend ihm zum Terror der Hamas und ihrer Verb\u00fcndeten allenfalls floskelhafte und daher kaum glaubw\u00fcrdige Distanzierungen einfallen. Sein Ha\u00df auf Israel ist obsessiv.<\/p>\n<p>Und so kann es auch nicht beruhigen, da\u00df der Sozialist nun mit seinem Vorschlag, einen freilich ohnehin kaum stattfindenden \u00bbDialog\u00ab abzubrechen, scheiterte. Zwar haben die Au\u00dfenminister der EU-Staaten ihm diesen Wunsch nicht erf\u00fcllt, seine blindw\u00fctige Voreingenommenheit gegen\u00fcber Israel und dem Kampf seiner Streitkr\u00e4fte gegen die islamistische Bedrohung aber haben sie erneut nicht sanktioniert, nicht einmal kritisiert.<\/p>\n<p>Auch von diesem Treffen der europ\u00e4ischen Au\u00dfenminister geht daher die Botschaft aus, da\u00df Antisemitismus in Europa g\u00fcnstigenfalls in Sonntagsreden nicht willkommen ist. Josep Borrell Fontelles\u2019 Amtszeit an der der Spitze des EEAS und als Stellvertreter der Pr\u00e4sidentin der Europ\u00e4ischen Kommission belegt, da\u00df antisemitische Ressentiments kein Karrierehindernis, vielmehr vielleicht sogar Karrierevoraussetzung in Br\u00fcssel sind.<\/p>\n","protected":false},"excerpt":{"rendered":"<p>Die Au\u00dfenminister der Europ\u00e4ischen Union sind bei ihrer j\u00fcngsten Zusammenkunft nicht dem Vorschlag Josep Borrell Fontelles\u2019 gefolgt, ihren \u00bbregelm\u00e4\u00dfigen Dialog\u00ab mit Israel abzubrechen. Das \u00e4ndert freilich wenig an der nach wie vor skandal\u00f6sen Tatsache, da\u00df der gl\u00fchende Antisemit weiterhin dem Ausw\u00e4rtigen Dienst der EU vorsteht. Selbst wenn es wom\u00f6glich \u00bbnur\u00ab noch Tage sein sollten, ist [&hellip;]<\/p>\n","protected":false},"author":1,"featured_media":0,"comment_status":"open","ping_status":"open","sticky":false,"template":"","format":"standard","meta":{"footnotes":""},"categories":[2],"tags":[1076,120,124,157,169,192,194,560,374,507],"class_list":["post-8630","post","type-post","status-publish","format-standard","hentry","category-allgemein","tag-eeas","tag-eu","tag-europaeische-union","tag-hamas","tag-hisbollah","tag-islamismus","tag-israel","tag-josep-borrell-fontelles","tag-terrorismus","tag-ursula-von-der-leyen"],"_links":{"self":[{"href":"https:\/\/www.tw24.net\/index.php?rest_route=\/wp\/v2\/posts\/8630","targetHints":{"allow":["GET"]}}],"collection":[{"href":"https:\/\/www.tw24.net\/index.php?rest_route=\/wp\/v2\/posts"}],"about":[{"href":"https:\/\/www.tw24.net\/index.php?rest_route=\/wp\/v2\/types\/post"}],"author":[{"embeddable":true,"href":"https:\/\/www.tw24.net\/index.php?rest_route=\/wp\/v2\/users\/1"}],"replies":[{"embeddable":true,"href":"https:\/\/www.tw24.net\/index.php?rest_route=%2Fwp%2Fv2%2Fcomments&post=8630"}],"version-history":[{"count":1,"href":"https:\/\/www.tw24.net\/index.php?rest_route=\/wp\/v2\/posts\/8630\/revisions"}],"predecessor-version":[{"id":8631,"href":"https:\/\/www.tw24.net\/index.php?rest_route=\/wp\/v2\/posts\/8630\/revisions\/8631"}],"wp:attachment":[{"href":"https:\/\/www.tw24.net\/index.php?rest_route=%2Fwp%2Fv2%2Fmedia&parent=8630"}],"wp:term":[{"taxonomy":"category","embeddable":true,"href":"https:\/\/www.tw24.net\/index.php?rest_route=%2Fwp%2Fv2%2Fcategories&post=8630"},{"taxonomy":"post_tag","embeddable":true,"href":"https:\/\/www.tw24.net\/index.php?rest_route=%2Fwp%2Fv2%2Ftags&post=8630"}],"curies":[{"name":"wp","href":"https:\/\/api.w.org\/{rel}","templated":true}]}}