{"id":8638,"date":"2024-11-23T15:49:38","date_gmt":"2024-11-23T13:49:38","guid":{"rendered":"https:\/\/www.tw24.net\/?p=8638"},"modified":"2025-02-01T12:29:13","modified_gmt":"2025-02-01T10:29:13","slug":"unter-kollegen","status":"publish","type":"post","link":"https:\/\/www.tw24.net\/?p=8638","title":{"rendered":"Unter Kollegen"},"content":{"rendered":"<p>Als Pierre Kr\u00e4henb\u00fchl im April 2014 als seinerzeit neuer UNRWA-Chef zum Dienstantritt Gaza besuchte, <a href=\"https:\/\/news.un.org\/en\/story\/2014\/04\/466422\">zitierte<\/a> er bekr\u00e4ftigend seinen Vorg\u00e4nger Filippo Grandi, der Gaza mit dem von der Wehrmacht ausgehungerten Leningrad gleichgesetzt hatte. Die Verleumdung Israels schadete dem Italiener so wenig wie seinem Nachfolger. Der eine machte Karriere bei den Vereinten Nationen, der andere ist Generaldirektor des Internationalen Roten Kreuzes.<\/p>\n<p>Ihre niedertr\u00e4chtige Gleichsetzung des j\u00fcdischen Staates mit dem nationalsozialistischen Deutschland allerdings sagt viel aus \u00fcber ihren Charakter und die Organisationen aus, in denen Gestalten wie sie aufsteigen und die sie dabei pr\u00e4gen k\u00f6nnen. Und so verwundert kaum, was die Initiative <i>UN Watch<\/i> zum Anfang der Woche <a href=\"https:\/\/unwatch.org\/unrwa-head-told-hamas-and-islamic-jihad-we-are-united-and-no-one-can-separate-us\/\">berichtete<\/a>: W\u00e4hrend seiner Amtszeit an der Spitze der UNRWA traf sich Pierre Kr\u00e4henb\u00fchl mit Vertretern mehrerer Terrororganisationen.<\/p>\n<p>An der Zusammenkunft im Februar 2017 in Beirut nahmen danach Repr\u00e4sentanten der Hamas, des <i>Islamic Jihad<\/i>, der PFLP, der Fatah und anderer Terrororganisationen teil. Bisher vom \u00bbHilfswerk der Vereinten Nationen f\u00fcr Pal\u00e4stina-Fl\u00fcchtlinge im Nahen Osten\u00ab oder dem heutigen IKRK-Funktion\u00e4r nicht dementiert, versicherte Pierre Kr\u00e4henb\u00fchl den Terror-Kadern w\u00e4hrend ihrer Unterredungen, \u00bbwir geh\u00f6ren zusammen, niemand kann uns spalten\u00ab.<\/p>\n<p>Gleichzeitig wu\u00dfte der Schweizer ziemlich genau, mit wem er sich da in der libanesischen Hauptstadt traf, sonst h\u00e4tte seine Gespr\u00e4chspartner nicht um Verschwiegenheit gebeten. Pierre Kr\u00e4henb\u00fchl wurde nicht verschleppt und von bewaffneten Entf\u00fchrern zu seiner Sympathieerkl\u00e4rung f\u00fcr antisemitische Terrororganisationen gezwungen. Er handelte aus freien St\u00fccken, als er die UNRWA so zum Teil des Terrors gegen Juden und Israel erkl\u00e4rte.<\/p>\n<p>Sp\u00e4testens ab Ende Januar 2025 soll das heute von Phillipe Lazzarini geleitete \u00bbHilfswerk\u00ab nicht mehr auf israelischem Boden t\u00e4tig sein d\u00fcrfen, ist Vertretern <i>des<\/i> j\u00fcdischen Staates die Zusammenarbeit mit der UNRWA verboten. Da\u00df die Entscheidung der Knesset, dieses \u00bbHilfswerk\u00ab zur terroristischen Organisation zu erkl\u00e4ren und zu \u00e4chten, richtig, da\u00df sie sp\u00e4testens seit dem Februar 2017 \u00fcberf\u00e4llig war, belegen Pierre Kr\u00e4henb\u00fchls Worte eindr\u00fccklich.<\/p>\n","protected":false},"excerpt":{"rendered":"<p>Als Pierre Kr\u00e4henb\u00fchl im April 2014 als seinerzeit neuer UNRWA-Chef zum Dienstantritt Gaza besuchte, zitierte er bekr\u00e4ftigend seinen Vorg\u00e4nger Filippo Grandi, der Gaza mit dem von der Wehrmacht ausgehungerten Leningrad gleichgesetzt hatte. Die Verleumdung Israels schadete dem Italiener so wenig wie seinem Nachfolger. Der eine machte Karriere bei den Vereinten Nationen, der andere ist Generaldirektor [&hellip;]<\/p>\n","protected":false},"author":1,"featured_media":0,"comment_status":"open","ping_status":"open","sticky":false,"template":"","format":"standard","meta":{"footnotes":""},"categories":[2],"tags":[38,40,148,157,188,192,247,309,645,311,313,374,725,389,399],"class_list":["post-8638","post","type-post","status-publish","format-standard","hentry","category-allgemein","tag-antisemitismus","tag-antonio-guterres","tag-gaza","tag-hamas","tag-islamic-jihad","tag-islamismus","tag-libanon","tag-pflp","tag-philippe-lazzarini","tag-pierre-kraehenbuehl","tag-plo","tag-terrorismus","tag-un","tag-unrwa","tag-vereinte-nationen"],"_links":{"self":[{"href":"https:\/\/www.tw24.net\/index.php?rest_route=\/wp\/v2\/posts\/8638","targetHints":{"allow":["GET"]}}],"collection":[{"href":"https:\/\/www.tw24.net\/index.php?rest_route=\/wp\/v2\/posts"}],"about":[{"href":"https:\/\/www.tw24.net\/index.php?rest_route=\/wp\/v2\/types\/post"}],"author":[{"embeddable":true,"href":"https:\/\/www.tw24.net\/index.php?rest_route=\/wp\/v2\/users\/1"}],"replies":[{"embeddable":true,"href":"https:\/\/www.tw24.net\/index.php?rest_route=%2Fwp%2Fv2%2Fcomments&post=8638"}],"version-history":[{"count":3,"href":"https:\/\/www.tw24.net\/index.php?rest_route=\/wp\/v2\/posts\/8638\/revisions"}],"predecessor-version":[{"id":8810,"href":"https:\/\/www.tw24.net\/index.php?rest_route=\/wp\/v2\/posts\/8638\/revisions\/8810"}],"wp:attachment":[{"href":"https:\/\/www.tw24.net\/index.php?rest_route=%2Fwp%2Fv2%2Fmedia&parent=8638"}],"wp:term":[{"taxonomy":"category","embeddable":true,"href":"https:\/\/www.tw24.net\/index.php?rest_route=%2Fwp%2Fv2%2Fcategories&post=8638"},{"taxonomy":"post_tag","embeddable":true,"href":"https:\/\/www.tw24.net\/index.php?rest_route=%2Fwp%2Fv2%2Ftags&post=8638"}],"curies":[{"name":"wp","href":"https:\/\/api.w.org\/{rel}","templated":true}]}}