{"id":8665,"date":"2024-12-07T15:15:10","date_gmt":"2024-12-07T13:15:10","guid":{"rendered":"https:\/\/www.tw24.net\/?p=8665"},"modified":"2025-01-07T10:46:06","modified_gmt":"2025-01-07T08:46:06","slug":"nachhaltiger-menschenrechtsaktivismus","status":"publish","type":"post","link":"https:\/\/www.tw24.net\/?p=8665","title":{"rendered":"Nachhaltiger Menschenrechtsaktivismus"},"content":{"rendered":"<p>Im September 2010 war schnellstes Handeln gefragt: Oussama Atar, wollten \u00bbMenschenrechtsaktivisten\u00ab erfahren haben, erleide in einem irakischen Gef\u00e4ngnis schlimmste Qualen. \u00bbOussama Atar, ein 26 Jahre alter belgischer Staatsangeh\u00f6riger\u00ab, <a href=\"https:\/\/www.amnesty.org\/en\/documents\/mde14\/011\/2010\/en\/\">verk\u00fcndeten<\/a> sie, \u00bbben\u00f6tigt im al-Rusafa-Gef\u00e4ngnis dringend medizinische Versorgung\u00ab. \u00bbAmnesty International\u00ab, lautete ihre mitf\u00fchlende Ferndiagnose, \u00bbf\u00fcrchtet um seine Gesundheit\u00ab.<\/p>\n<p>Oussama Atar, teilten die \u00bbMenschenrechtsaktivisten\u00ab in ihrem Aufruf mit, sei seit sechs Jahren inhaftiert, verb\u00fc\u00dfe eine zehnj\u00e4hrige Strafe f\u00fcr das \u00bbillegale \u00dcberqueren der syrisch-irakischen Grenze\u00ab. \u00bbOussama Atar hat einen Tumor in der Niere und mu\u00df [..] dringend behandelt werden.\u00ab Es stimmte, wie sich sp\u00e4ter zeigen sollte, wenig an der Geschichte. Richtig allerdings war, da\u00df Oussama Atar im Irak im Gef\u00e4ngnis einsa\u00df.<\/p>\n<p>Unterschlagen hatte Amnesty International, da\u00df der \u00bbbelgische Staatsangeh\u00f6rige\u00ab mit freilich marokkanischen Wurzeln weniger wegen eines illegalen Grenz\u00fcbertritts zu einer Haftstrafe verurteilt worden war, sondern als <i>Daesh<\/i>-Jihadist, der \u00fcber Verbindungen zu Ab\u016b Bakr al-Baghd\u0101d\u012b verf\u00fcgte, den Herrscher des \u00bbIslamischen Staates\u00ab, den Terroristen wie Oussama Atar zeitweilig auf irakischem und syrischem Gebiet etabliert hatten.<\/p>\n<p>Der \u00f6ffentliche Druck jedenfalls, den Amnesty International mit der Kampagne f\u00fcr Oussama Atar aufgebaut hatte, wirkte: Die belgische Regierung erreichte 2012 seine Freilassung, der Jihadist konnte nach Europa zur\u00fcckkehren. Im folgenden Jahr soll er Belgien in Richtung Tunesien verlassen haben, wo er erneut als Jihadist verhaftet und zeitweilig inhaftiert wurde. Von Tunesien gelangte er in die T\u00fcrkei, wo er untertauchte.<\/p>\n<p>Im November 2015 \u00fcberfielen islamistische Selbstmord-Attent\u00e4ter die Konzerthalle \u00bbBataclan\u00ab in der franz\u00f6sischen Hauptstadt Paris. Bei ihrem brutalen Massaker ermordeten die 20 <i>Daesh<\/i>-Terroristen 130 Menschen und verletzten Hunderte. Als einen wichtigen Hintermann des Anschlags machten die Beh\u00f6rden Oussama Atar aus. Er soll das Blutbad, an dem auch ein enger Verwandter beteiligt war, von Syrien aus organisiert haben.<\/p>\n<p>Nach 148 Verhandlungstagen <a href=\"https:\/\/www.fr.de\/politik\/das-ende-des-bataclan-prozesses-und-frankreichs-heilende-wunden-die-trauer-stirbt-zuletzt-91634149.html\">endete<\/a> im Juni 2022 der Proze\u00df gegen 20 Islamisten, die auf verschiedene Weise an dem \u00dcberfall in Paris beteiligt waren. Der Hauptangeklage, das einzige \u00fcberlebende Mitglied des <i>Daesh<\/i>-Kommandos, wurde zu lebenslanger Haft verurteilt, die weiteren Angeklagten, unter ihnen Oussama Atar, erhielten k\u00fcrzere Haftstrafen. Amnesty International <a href=\"https:\/\/edition.cnn.com\/2017\/03\/16\/europe\/oussama-atar-profile\/index.html\">wies<\/a> derweil gegen\u00fcber <i>CNN<\/i> jede Mitverantwortung zur\u00fcck.<\/p>\n","protected":false},"excerpt":{"rendered":"<p>Im September 2010 war schnellstes Handeln gefragt: Oussama Atar, wollten \u00bbMenschenrechtsaktivisten\u00ab erfahren haben, erleide in einem irakischen Gef\u00e4ngnis schlimmste Qualen. \u00bbOussama Atar, ein 26 Jahre alter belgischer Staatsangeh\u00f6riger\u00ab, verk\u00fcndeten sie, \u00bbben\u00f6tigt im al-Rusafa-Gef\u00e4ngnis dringend medizinische Versorgung\u00ab. \u00bbAmnesty International\u00ab, lautete ihre mitf\u00fchlende Ferndiagnose, \u00bbf\u00fcrchtet um seine Gesundheit\u00ab. Oussama Atar, teilten die \u00bbMenschenrechtsaktivisten\u00ab in ihrem Aufruf mit, [&hellip;]<\/p>\n","protected":false},"author":1,"featured_media":0,"comment_status":"open","ping_status":"open","sticky":false,"template":"","format":"standard","meta":{"footnotes":""},"categories":[2],"tags":[10,579,22,31,580,62,871,121,145,192,214,374],"class_list":["post-8665","post","type-post","status-publish","format-standard","hentry","category-allgemein","tag-ngo","tag-ai","tag-aktivismus","tag-amnesty","tag-amnesty-international","tag-belgien","tag-daesh","tag-europa","tag-frankreich","tag-islamismus","tag-jihadismus","tag-terrorismus"],"_links":{"self":[{"href":"https:\/\/www.tw24.net\/index.php?rest_route=\/wp\/v2\/posts\/8665","targetHints":{"allow":["GET"]}}],"collection":[{"href":"https:\/\/www.tw24.net\/index.php?rest_route=\/wp\/v2\/posts"}],"about":[{"href":"https:\/\/www.tw24.net\/index.php?rest_route=\/wp\/v2\/types\/post"}],"author":[{"embeddable":true,"href":"https:\/\/www.tw24.net\/index.php?rest_route=\/wp\/v2\/users\/1"}],"replies":[{"embeddable":true,"href":"https:\/\/www.tw24.net\/index.php?rest_route=%2Fwp%2Fv2%2Fcomments&post=8665"}],"version-history":[{"count":2,"href":"https:\/\/www.tw24.net\/index.php?rest_route=\/wp\/v2\/posts\/8665\/revisions"}],"predecessor-version":[{"id":8742,"href":"https:\/\/www.tw24.net\/index.php?rest_route=\/wp\/v2\/posts\/8665\/revisions\/8742"}],"wp:attachment":[{"href":"https:\/\/www.tw24.net\/index.php?rest_route=%2Fwp%2Fv2%2Fmedia&parent=8665"}],"wp:term":[{"taxonomy":"category","embeddable":true,"href":"https:\/\/www.tw24.net\/index.php?rest_route=%2Fwp%2Fv2%2Fcategories&post=8665"},{"taxonomy":"post_tag","embeddable":true,"href":"https:\/\/www.tw24.net\/index.php?rest_route=%2Fwp%2Fv2%2Ftags&post=8665"}],"curies":[{"name":"wp","href":"https:\/\/api.w.org\/{rel}","templated":true}]}}