{"id":8667,"date":"2024-12-08T16:46:57","date_gmt":"2024-12-08T14:46:57","guid":{"rendered":"https:\/\/www.tw24.net\/?p=8667"},"modified":"2024-12-08T16:46:57","modified_gmt":"2024-12-08T14:46:57","slug":"deutsche-tugend-3","status":"publish","type":"post","link":"https:\/\/www.tw24.net\/?p=8667","title":{"rendered":"Deutsche Tugend"},"content":{"rendered":"<p>Wurden noch am Sonnabend in Damaskus vehement Ger\u00fcchte <a href=\"https:\/\/www.standard.co.uk\/news\/world\/syria-denies-assad-fled-rebels-damascus-b1198691.html\">bestritten<\/a>, Bluts\u00e4ufer Bashar al-Assad habe sich angesichts rasant auf die syrische Hauptstadt vorr\u00fcckender islamistischer Banden abgesetzt, mu\u00dfte der K\u00f6lner <i>Deutschlandfunk<\/i> sich schon am n\u00e4chsten Morgen, \u00bbNahost-Experte\u00ab Michael L\u00fcders stand wohl gerade nicht zur Verf\u00fcgung, <a href=\"https:\/\/www.deutschlandfunk.de\/syrien-und-die-dynamik-in-nahost-nach-assads-sturz-politologin-sophia-hoffmann-dlf-d04649da-100.html\">Rat<\/a> in Erfurt suchen, wie es denn ohne den zwischenzeitlich doch Verschwundenen weitergehe in der Levante.<\/p>\n<p>Und die an der <a href=\"https:\/\/www.uni-erfurt.de\/staatswissenschaftliche-fakultaet\/fachrichtung\/sozialwissenschaften\/internationale-politik-und-konfliktforschung\/team\/prof-dr-sophia-hoffmann\">Universit\u00e4t<\/a> der th\u00fcringischen Hauptstadt t\u00e4tige \u00bbKonfliktforscherin\u00ab Sophia Hoffmann erwies sich durchaus als w\u00fcrdige Zweitbesetzung f\u00fcr den zum Thema sonst so pr\u00e4senten <a href=\"https:\/\/www.tagesschau.de\/inland\/regional\/sachsenanhalt\/mdr-michael-lueders-wird-spitzenkandidat-fuer-das-bsw-in-sachsen-anhalt-100.html\">BSW-Kader<\/a>: \u00bbNat\u00fcrlich h\u00e4ngen diese Ereignisse auch mit den grauenvollen Ereignissen des 7. Oktober letzten Jahres zusammen, und sie h\u00e4ngen auch zusammen mit dem f\u00fcrchterlichen Vernichtungsfeldzug, den die israelische Regierung immer noch in Gaza f\u00fchrt\u00ab.<\/p>\n<p>F\u00fcr ihre Vernichtungsfeldz\u00fcge sind bisher vor allem Deutsche ber\u00fcchtigt: So gilt das Vorgehen deutscher Truppen gegen Herero und Nama in Deutsch-S\u00fcdwestafrika 1904 bis 1908 als ein Vernichtungsfeldzug, haupts\u00e4chlich aber wird der Begriff <a href=\"https:\/\/www.dhm.de\/lemo\/kapitel\/der-zweite-weltkrieg\/kriegsverlauf\/ueberfall-auf-die-sowjetunion-1941\">verwendet<\/a>, um die grausame Gewalt seit dem \u00dcberfall der Sowjetunion durch das Deutsche Reich zu beschreiben, die nicht zuletzt untrennbar mit der systematisch betriebenen Ermordung von Millionen Juden verbunden ist.<\/p>\n<p>Was aber schert eine deutsche Politologin, welche Parallelen sie mit ihrer Wortwahl zieht, wenn der <i>Deutschlandfunk<\/i> anruft. Und was k\u00fcmmert es den, welch infame Verleumdung Israels, <i>des<\/i> einzigen j\u00fcdischen Staates, und seines Existenzkampfs gegen islamistische Barbaren er damit v\u00f6llig unkommentiert versendet und \u00fcber seine Mediathek dauerhaft feilbietet. Die Bagatellisierung von Antisemitismus ist l\u00e4ngst wieder so normal in Deutschland wie er allgegenw\u00e4rtig ist.<\/p>\n","protected":false},"excerpt":{"rendered":"<p>Wurden noch am Sonnabend in Damaskus vehement Ger\u00fcchte bestritten, Bluts\u00e4ufer Bashar al-Assad habe sich angesichts rasant auf die syrische Hauptstadt vorr\u00fcckender islamistischer Banden abgesetzt, mu\u00dfte der K\u00f6lner Deutschlandfunk sich schon am n\u00e4chsten Morgen, \u00bbNahost-Experte\u00ab Michael L\u00fcders stand wohl gerade nicht zur Verf\u00fcgung, Rat in Erfurt suchen, wie es denn ohne den zwischenzeitlich doch Verschwundenen weitergehe [&hellip;]<\/p>\n","protected":false},"author":1,"featured_media":0,"comment_status":"open","ping_status":"open","sticky":false,"template":"","format":"standard","meta":{"footnotes":""},"categories":[2],"tags":[38,58,102,109,148,157,192,194,1175,368,374,522,1324],"class_list":["post-8667","post","type-post","status-publish","format-standard","hentry","category-allgemein","tag-antisemitismus","tag-bashar-al-assad","tag-deutschland","tag-dlf","tag-gaza","tag-hamas","tag-islamismus","tag-israel","tag-oer","tag-syrien","tag-terrorismus","tag-thueringen","tag-universitaet-erfurt"],"_links":{"self":[{"href":"https:\/\/www.tw24.net\/index.php?rest_route=\/wp\/v2\/posts\/8667","targetHints":{"allow":["GET"]}}],"collection":[{"href":"https:\/\/www.tw24.net\/index.php?rest_route=\/wp\/v2\/posts"}],"about":[{"href":"https:\/\/www.tw24.net\/index.php?rest_route=\/wp\/v2\/types\/post"}],"author":[{"embeddable":true,"href":"https:\/\/www.tw24.net\/index.php?rest_route=\/wp\/v2\/users\/1"}],"replies":[{"embeddable":true,"href":"https:\/\/www.tw24.net\/index.php?rest_route=%2Fwp%2Fv2%2Fcomments&post=8667"}],"version-history":[{"count":1,"href":"https:\/\/www.tw24.net\/index.php?rest_route=\/wp\/v2\/posts\/8667\/revisions"}],"predecessor-version":[{"id":8668,"href":"https:\/\/www.tw24.net\/index.php?rest_route=\/wp\/v2\/posts\/8667\/revisions\/8668"}],"wp:attachment":[{"href":"https:\/\/www.tw24.net\/index.php?rest_route=%2Fwp%2Fv2%2Fmedia&parent=8667"}],"wp:term":[{"taxonomy":"category","embeddable":true,"href":"https:\/\/www.tw24.net\/index.php?rest_route=%2Fwp%2Fv2%2Fcategories&post=8667"},{"taxonomy":"post_tag","embeddable":true,"href":"https:\/\/www.tw24.net\/index.php?rest_route=%2Fwp%2Fv2%2Ftags&post=8667"}],"curies":[{"name":"wp","href":"https:\/\/api.w.org\/{rel}","templated":true}]}}