{"id":8693,"date":"2024-12-20T07:36:56","date_gmt":"2024-12-20T05:36:56","guid":{"rendered":"https:\/\/www.tw24.net\/?p=8693"},"modified":"2024-12-19T19:42:46","modified_gmt":"2024-12-19T17:42:46","slug":"gruene-hybris-2","status":"publish","type":"post","link":"https:\/\/www.tw24.net\/?p=8693","title":{"rendered":"Gr\u00fcne Hybris"},"content":{"rendered":"<p>Die deutsche Au\u00dfenministerin Annalena Baerbock hat sich am Donnerstag \u00bbzur Lage in Gaza\u00ab <a href=\"https:\/\/www.auswaertiges-amt.de\/de\/newsroom\/baerbock-gaza-2691442\">ge\u00e4u\u00dfert<\/a> und \u00bbjene[n] Politiker[n] in Israel, die einer Besatzung und Besiedlung Gazas das Wort reden\u00ab, erkl\u00e4rt, sie stellten \u00bbsich gegen einen nachhaltigen Frieden in Nahost\u00ab. Ihre Weisheit begr\u00fcndet die Ministerin mit einer \u00bbleidvolle[n] Erfahrung im Westjordanland\u00ab, die gezeigt habe, \u00bbdass eine endlose Besatzung keinen Frieden schaffen kann\u00ab.<\/p>\n<p>Der gesch\u00e4ftsf\u00fchrenden Annalena Baerbock scheint entfallen, da\u00df das bestialische Massaker der Hamas am 7. Oktober 2023, das erkl\u00e4rterma\u00dfen lediglich den Auftakt bilden sollte f\u00fcr die Vernichtung Israels und der Mehrheitsbev\u00f6lkerung <i>des<\/i> j\u00fcdischen Staates, demonstriert hat, da\u00df die R\u00e4umung Gazas vor 19 Jahren keinen Frieden hat ausbrechen lassen. Nur wenig sp\u00e4ter gewann die Hamas \u00bbWahlen\u00ab und nutzte ihre Macht, Krieg um Krieg vorzubereiten.<\/p>\n<p>Die Behauptung der Au\u00dfenministerin auf Abruf, \u00bbPal\u00e4stinenserinnen und Pal\u00e4stinenser in Gaza wie im Westjordanland m\u00fcssen in ihrem eigenen Staat ihre Zukunft gestalten\u00ab, da nur auf diese Weise Terrorismus einzud\u00e4mmen w\u00e4re \u00bbund Israelis wie Pal\u00e4stinenser Seite an Seite in Frieden, Sicherheit, W\u00fcrde und Selbstbestimmung leben\u00ab k\u00f6nnten, ist eine Illusion. Die \u00bbZwei-Staaten-L\u00f6sung\u00ab ist keine. F\u00fcr diese Erkenntnis hat in Israel die Hamas gesorgt.<\/p>\n<p>Und daf\u00fcr, da\u00df die \u00bbPal\u00e4stinenserinnen und Pal\u00e4stinenser\u00ab, k\u00f6nnten sie, nicht gem\u00e4\u00dfigten (oder: gem\u00e4\u00dfigteren) Kr\u00e4ften folgen w\u00fcrden, sondern gerade solchen, die ihnen eine \u00bbEin-Staaten-L\u00f6sung\u00ab versprechen, wie das Umfragen unter ihnen nahelegen, haben insbesondere auch die Vereinten Nationen mit ihrem sehr speziellen \u00bbHilfswerk\u00ab UNRWA gesorgt, das f\u00fcr ein \u00bbRecht auf R\u00fcckkehr\u00ab steht, das nur eine Chiffre ist f\u00fcr die Ausl\u00f6schung <i>des<\/i> j\u00fcdischen Staates.<\/p>\n<p>\u00bbWir werden nicht akzeptieren, dass UNRWA in Zukunft in Gaza keine Rolle mehr spielt\u00ab, <a href=\"https:\/\/www.welt.de\/politik\/ausland\/article254897588\/UNRWA-Warum-ein-Verbot-des-Palaestinenserhilfswerks-das-Kernproblem-nicht-loest.html\">k\u00fcndigte<\/a> j\u00fcngst Annalena Baerbock trotz des Wissens darum an, da\u00df es wegen der tiefen Unterwanderung des \u00bbHilfswerks\u00ab durch islamistische Terroristen l\u00e4ngst unm\u00f6glich ist, festzuhalten, wo die zivile Organisation aufh\u00f6rt und wo die terroristische beginnt. Wer wie das Ausw\u00e4rtige Amt Million um Million in diese UNRWA pumpt, sollte vom Frieden besser schweigen.<\/p>\n","protected":false},"excerpt":{"rendered":"<p>Die deutsche Au\u00dfenministerin Annalena Baerbock hat sich am Donnerstag \u00bbzur Lage in Gaza\u00ab ge\u00e4u\u00dfert und \u00bbjene[n] Politiker[n] in Israel, die einer Besatzung und Besiedlung Gazas das Wort reden\u00ab, erkl\u00e4rt, sie stellten \u00bbsich gegen einen nachhaltigen Frieden in Nahost\u00ab. Ihre Weisheit begr\u00fcndet die Ministerin mit einer \u00bbleidvolle[n] Erfahrung im Westjordanland\u00ab, die gezeigt habe, \u00bbdass eine endlose [&hellip;]<\/p>\n","protected":false},"author":1,"featured_media":0,"comment_status":"open","ping_status":"open","sticky":false,"template":"","format":"standard","meta":{"footnotes":""},"categories":[2],"tags":[11,12,906,38,49,68,78,102,112,148,192,194,374,389,399,424],"class_list":["post-8693","post","type-post","status-publish","format-standard","hentry","category-allgemein","tag-palaestina","tag-recht-auf-rueckkehr","tag-annalena-baerbock","tag-antisemitismus","tag-auswaertiges-amt","tag-bigotterie","tag-buendnis-90-die-gruenen","tag-deutschland","tag-double-standards","tag-gaza","tag-islamismus","tag-israel","tag-terrorismus","tag-unrwa","tag-vereinte-nationen","tag-zwei-staaten-loesung"],"_links":{"self":[{"href":"https:\/\/www.tw24.net\/index.php?rest_route=\/wp\/v2\/posts\/8693","targetHints":{"allow":["GET"]}}],"collection":[{"href":"https:\/\/www.tw24.net\/index.php?rest_route=\/wp\/v2\/posts"}],"about":[{"href":"https:\/\/www.tw24.net\/index.php?rest_route=\/wp\/v2\/types\/post"}],"author":[{"embeddable":true,"href":"https:\/\/www.tw24.net\/index.php?rest_route=\/wp\/v2\/users\/1"}],"replies":[{"embeddable":true,"href":"https:\/\/www.tw24.net\/index.php?rest_route=%2Fwp%2Fv2%2Fcomments&post=8693"}],"version-history":[{"count":1,"href":"https:\/\/www.tw24.net\/index.php?rest_route=\/wp\/v2\/posts\/8693\/revisions"}],"predecessor-version":[{"id":8694,"href":"https:\/\/www.tw24.net\/index.php?rest_route=\/wp\/v2\/posts\/8693\/revisions\/8694"}],"wp:attachment":[{"href":"https:\/\/www.tw24.net\/index.php?rest_route=%2Fwp%2Fv2%2Fmedia&parent=8693"}],"wp:term":[{"taxonomy":"category","embeddable":true,"href":"https:\/\/www.tw24.net\/index.php?rest_route=%2Fwp%2Fv2%2Fcategories&post=8693"},{"taxonomy":"post_tag","embeddable":true,"href":"https:\/\/www.tw24.net\/index.php?rest_route=%2Fwp%2Fv2%2Ftags&post=8693"}],"curies":[{"name":"wp","href":"https:\/\/api.w.org\/{rel}","templated":true}]}}