{"id":8743,"date":"2025-01-07T11:46:41","date_gmt":"2025-01-07T09:46:41","guid":{"rendered":"https:\/\/www.tw24.net\/?p=8743"},"modified":"2025-01-07T11:46:41","modified_gmt":"2025-01-07T09:46:41","slug":"verbannung","status":"publish","type":"post","link":"https:\/\/www.tw24.net\/?p=8743","title":{"rendered":"Verbannung"},"content":{"rendered":"<p>Anfang Dezember 2024 ver\u00f6ffentlichte Amnesty International unter dem Titel \u00bbMan f\u00fchlt sich wie ein Untermensch\u00ab einen <a href=\"https:\/\/www.amnesty.org\/en\/latest\/news\/2024\/12\/amnesty-international-concludes-israel-is-committing-genocide-against-palestinians-in-gaza\/\">Bericht<\/a>, mit dem die \u00bbMenschenrechtsorganisation\u00ab Israel vorwarf, mit seinem Krieg zur Zerschlagung der Hamas und der Befreiung der von den Islamisten nach Gaza verschleppten Menschen einen \u00bbV\u00f6lkermord\u00ab an den \u00bbPal\u00e4stinensern\u00ab zu begehen. Schon der erste Satz des Machwerks ist bemerkenswert.<\/p>\n<p>\u00bbAm 7. Oktober 2023\u00ab, hei\u00dft es da n\u00e4mlich, \u00bbbegann Israel mit einer Milit\u00e4roffensive auf den besetzten Gazastreifen (Gaza), die in Umfang, Ausma\u00df und Dauer beispiellos war\u00ab. Wer sich noch an den ersten Sonnabend im Oktober 2023 erinnern kann und an den Sonntag, der darauf folgte, wei\u00df bereits damit, wie es um die Glaubw\u00fcrdigkeit der \u00bbMenschenrechtsorganisation\u00ab bestellt ist. Auch Amnesty Israel hatte noch nicht vergessen.<\/p>\n<p>Das d\u00fcrfte ein Beweggrund daf\u00fcr sein, da\u00df die Aktivisten des israelischen Fl\u00fcgels der Organisation sich prompt von dem Bericht und den darin ge\u00e4u\u00dferten Anschuldigungen <a href=\"https:\/\/www.amnesty.org.il\/2024\/12\/05\/amnesty-israel-does-not-accept-the-main-findings-of-the-report-by-amnesty-international-which-accuses-israel-of-genocide\/\">distanzierten<\/a>. \u00bbAmnesty Israel weist die Vorw\u00fcrfe des Berichts von Amnesty International zur\u00fcck, der Israel des V\u00f6lkermords beschuldigt\u00ab. In ihrer Stellungnahme kritisierten die Aktivisten die Regierung in Jerusalem und zeigten wesentliche Fehler des Berichts auf.<\/p>\n<p>F\u00fcr diesen Versuch, ihren Ruf, aber auch den ihrer internationalen Dachorganisation zu retten, soll Amnesty Israel nun mit einer mindestens zweij\u00e4hrigen Aussetzung der Mitgliedschaft in der internationalen Dachorganisation sanktioniert werden, wie die <i>Jerusalem Post<\/i> <a href=\"https:\/\/www.jpost.com\/diaspora\/antisemitism\/article-836379\">meldet<\/a>. Wie die Zeitung berichtet, soll eine Kommission gebildet werden, die auch untersucht, ob Amnesty Israel \u00fcberhaupt Mitglied von Amnesty International sein k\u00f6nne.<\/p>\n<p>Der internationale Verband bekr\u00e4ftigt damit, da\u00df ihm jedenfalls in Bezug auf Israel Fakten gleichg\u00fcltig sind. Statt die Fehler, auf die Amnesty Israel hinweist, auszur\u00e4umen, wird der lokale Verband angegriffen. Da\u00df sich die antiisraelische Obsession von Amnesty International selbst gegen israelische Aktivisten richtet, ist ein deutliches Indiz f\u00fcr den fortgeschrittenen Verfall der Organisation, der Menschenrechte offensichtlich nichts bedeuten.<\/p>\n","protected":false},"excerpt":{"rendered":"<p>Anfang Dezember 2024 ver\u00f6ffentlichte Amnesty International unter dem Titel \u00bbMan f\u00fchlt sich wie ein Untermensch\u00ab einen Bericht, mit dem die \u00bbMenschenrechtsorganisation\u00ab Israel vorwarf, mit seinem Krieg zur Zerschlagung der Hamas und der Befreiung der von den Islamisten nach Gaza verschleppten Menschen einen \u00bbV\u00f6lkermord\u00ab an den \u00bbPal\u00e4stinensern\u00ab zu begehen. Schon der erste Satz des Machwerks ist [&hellip;]<\/p>\n","protected":false},"author":1,"featured_media":0,"comment_status":"open","ping_status":"open","sticky":false,"template":"","format":"standard","meta":{"footnotes":""},"categories":[2],"tags":[579,31,580,1338,38,148,157,192,194,270,374],"class_list":["post-8743","post","type-post","status-publish","format-standard","hentry","category-allgemein","tag-ai","tag-amnesty","tag-amnesty-international","tag-amnesty-israel","tag-antisemitismus","tag-gaza","tag-hamas","tag-islamismus","tag-israel","tag-menschenrechte","tag-terrorismus"],"_links":{"self":[{"href":"https:\/\/www.tw24.net\/index.php?rest_route=\/wp\/v2\/posts\/8743","targetHints":{"allow":["GET"]}}],"collection":[{"href":"https:\/\/www.tw24.net\/index.php?rest_route=\/wp\/v2\/posts"}],"about":[{"href":"https:\/\/www.tw24.net\/index.php?rest_route=\/wp\/v2\/types\/post"}],"author":[{"embeddable":true,"href":"https:\/\/www.tw24.net\/index.php?rest_route=\/wp\/v2\/users\/1"}],"replies":[{"embeddable":true,"href":"https:\/\/www.tw24.net\/index.php?rest_route=%2Fwp%2Fv2%2Fcomments&post=8743"}],"version-history":[{"count":1,"href":"https:\/\/www.tw24.net\/index.php?rest_route=\/wp\/v2\/posts\/8743\/revisions"}],"predecessor-version":[{"id":8744,"href":"https:\/\/www.tw24.net\/index.php?rest_route=\/wp\/v2\/posts\/8743\/revisions\/8744"}],"wp:attachment":[{"href":"https:\/\/www.tw24.net\/index.php?rest_route=%2Fwp%2Fv2%2Fmedia&parent=8743"}],"wp:term":[{"taxonomy":"category","embeddable":true,"href":"https:\/\/www.tw24.net\/index.php?rest_route=%2Fwp%2Fv2%2Fcategories&post=8743"},{"taxonomy":"post_tag","embeddable":true,"href":"https:\/\/www.tw24.net\/index.php?rest_route=%2Fwp%2Fv2%2Ftags&post=8743"}],"curies":[{"name":"wp","href":"https:\/\/api.w.org\/{rel}","templated":true}]}}