{"id":8847,"date":"2025-02-18T11:22:29","date_gmt":"2025-02-18T09:22:29","guid":{"rendered":"https:\/\/www.tw24.net\/?p=8847"},"modified":"2025-02-18T11:22:29","modified_gmt":"2025-02-18T09:22:29","slug":"ausgeplaudert","status":"publish","type":"post","link":"https:\/\/www.tw24.net\/?p=8847","title":{"rendered":"Ausgeplaudert"},"content":{"rendered":"<p>Israelische Medien haben Mitschnitte von Gespr\u00e4chen zwischen \u00bbK\u00e4mpfern\u00ab der Hamas <a href=\"https:\/\/www.timesofisrael.com\/hamas-gunmen-caught-on-tape-accusing-leaders-of-hoarding-humanitarian-aid-report\/\">ver\u00f6ffentlicht<\/a>, in denen die sich dar\u00fcber beklagen, da\u00df internationale Hilfslieferungen zwar die F\u00fchrung der islamistischen Terrororganisation erreichten, nicht aber bei ihnen, den Befehlsempf\u00e4ngern, ank\u00e4men. \u00bbSie haben alles an sich gerissen, alles gestohlen\u00ab, wird ein Terrorist zitiert, \u00bbw\u00e4hrend wir bald nichts mehr zu essen und zu trinken haben\u00ab.<\/p>\n<p>Aus den etwa ein Jahr alten Aufnahmen geht zugleich hervor, da\u00df die Hamas-F\u00fchrung internen Kritikern mit Angriffen auf Familienangeh\u00f6rige gedroht habe, um sie zum Schweigen zu bringen. Als die mitgeschnittenen Gespr\u00e4che gef\u00fchrt wurden, waren gerade Vorw\u00fcrfe aufgekommen, Jerusalem setze \u00bbHunger als Waffe\u00ab gegen die \u00bbPal\u00e4stinenser\u00ab in Gaza ein. Die Vereinten Nationen und zahllose \u00bbNGO\u00ab warnten vor \u00bbHungersn\u00f6ten\u00ab.<\/p>\n<p>Auch die durch ihren damaligen Hohen Au\u00dfenbeauftragten und stellvertretenden Kommissionspr\u00e4sidenten Josep Borrell Fontelles repr\u00e4sentierte Europ\u00e4ische Union machte munter mit bei der antiisraelischen Verleumdungskampagne. Im M\u00e4rz 2024 etwa <a href=\"https:\/\/www.eeas.europa.eu\/eeas\/european-humanitarian-forum-speech-high-representativevice-president-josep-borrell-opening-ceremony_en\">behauptete<\/a> der \u00bbAu\u00dfenminister\u00ab der EU und seinerzeitige Stellvertreter Ursula von der Leyens, Teile Gazas bef\u00e4nden sich \u00bbnicht am Rande einer Hungersnot, sondern mittendrin\u00ab.<\/p>\n<p>Die nun ver\u00f6ffentlichten Aufnahmen bieten daher nicht blo\u00df einen Einblick in das Innenleben einer islamistischen Terrororganisation. Sie belegen, da\u00df und mit welch skrupelloser Selbstverst\u00e4ndlichkeit die Hamas Hilfslieferungen, die Israel nie verweigerte, unter ihre Kontrolle brachte. Sie f\u00fchren damit vor allem aber die ganze Einseitigkeit all der antisemitischen Hetzer vor, die in ihrer \u00bbKritik\u00ab an Israel \u00bbverga\u00dfen\u00ab, die Islamisten auch nur zu erw\u00e4hnen.<\/p>\n","protected":false},"excerpt":{"rendered":"<p>Israelische Medien haben Mitschnitte von Gespr\u00e4chen zwischen \u00bbK\u00e4mpfern\u00ab der Hamas ver\u00f6ffentlicht, in denen die sich dar\u00fcber beklagen, da\u00df internationale Hilfslieferungen zwar die F\u00fchrung der islamistischen Terrororganisation erreichten, nicht aber bei ihnen, den Befehlsempf\u00e4ngern, ank\u00e4men. \u00bbSie haben alles an sich gerissen, alles gestohlen\u00ab, wird ein Terrorist zitiert, \u00bbw\u00e4hrend wir bald nichts mehr zu essen und zu [&hellip;]<\/p>\n","protected":false},"author":1,"featured_media":0,"comment_status":"open","ping_status":"open","sticky":false,"template":"","format":"standard","meta":{"footnotes":""},"categories":[2],"tags":[38,67,68,112,120,123,124,148,157,167,192,194,560,374,399],"class_list":["post-8847","post","type-post","status-publish","format-standard","hentry","category-allgemein","tag-antisemitismus","tag-bias","tag-bigotterie","tag-double-standards","tag-eu","tag-europaeische-kommission","tag-europaeische-union","tag-gaza","tag-hamas","tag-hetze","tag-islamismus","tag-israel","tag-josep-borrell-fontelles","tag-terrorismus","tag-vereinte-nationen"],"_links":{"self":[{"href":"https:\/\/www.tw24.net\/index.php?rest_route=\/wp\/v2\/posts\/8847","targetHints":{"allow":["GET"]}}],"collection":[{"href":"https:\/\/www.tw24.net\/index.php?rest_route=\/wp\/v2\/posts"}],"about":[{"href":"https:\/\/www.tw24.net\/index.php?rest_route=\/wp\/v2\/types\/post"}],"author":[{"embeddable":true,"href":"https:\/\/www.tw24.net\/index.php?rest_route=\/wp\/v2\/users\/1"}],"replies":[{"embeddable":true,"href":"https:\/\/www.tw24.net\/index.php?rest_route=%2Fwp%2Fv2%2Fcomments&post=8847"}],"version-history":[{"count":1,"href":"https:\/\/www.tw24.net\/index.php?rest_route=\/wp\/v2\/posts\/8847\/revisions"}],"predecessor-version":[{"id":8848,"href":"https:\/\/www.tw24.net\/index.php?rest_route=\/wp\/v2\/posts\/8847\/revisions\/8848"}],"wp:attachment":[{"href":"https:\/\/www.tw24.net\/index.php?rest_route=%2Fwp%2Fv2%2Fmedia&parent=8847"}],"wp:term":[{"taxonomy":"category","embeddable":true,"href":"https:\/\/www.tw24.net\/index.php?rest_route=%2Fwp%2Fv2%2Fcategories&post=8847"},{"taxonomy":"post_tag","embeddable":true,"href":"https:\/\/www.tw24.net\/index.php?rest_route=%2Fwp%2Fv2%2Ftags&post=8847"}],"curies":[{"name":"wp","href":"https:\/\/api.w.org\/{rel}","templated":true}]}}