{"id":8892,"date":"2025-03-12T17:13:39","date_gmt":"2025-03-12T15:13:39","guid":{"rendered":"https:\/\/www.tw24.net\/?p=8892"},"modified":"2025-03-12T17:13:39","modified_gmt":"2025-03-12T15:13:39","slug":"selbstdemontage-16","status":"publish","type":"post","link":"https:\/\/www.tw24.net\/?p=8892","title":{"rendered":"Selbstdemontage"},"content":{"rendered":"<p>In der vergangenen Woche wurde bekannt, da\u00df die Vereinigten Staaten an der Regierung in Jerusalem vorbei Kontakte zur Hamas hatten. Im Mittelpunkt der von Adam Boehler, dem Sondergesandten des amerikanischen Pr\u00e4sidenten Donald J. Trump f\u00fcr Geiselangelegenheiten, gef\u00fchrten Gespr\u00e4che stand das Schicksal Edan Alexanders, der die letzte noch lebende Geisel der Islamisten mit israelisch-amerikanischer Staatsangeh\u00f6rigkeit sein soll.<\/p>\n<p>Die Verhandlungen \u00fcber eine Freilassung des jungen Mannes, der am 7. Oktober 2023 als <i>Lone Soldier<\/i> an der Grenze Israels zu Gaza stationiert und von den Islamisten verschleppt worden war, endeten erfolglos. Fragen danach, ob er unmittelbar im Auftrag Donald J. Trumps handelte, beantwortete Adam Boehler widerspr\u00fcchlich, in jedem Fall brachen seine Gespr\u00e4che mit der Hamas mit der bisherigen Haltung Washingtons zu solchen Kontakten.<\/p>\n<p>F\u00fcr die islamistische Terrororganisation stellt allein die Tatsache, da\u00df es diese direkten Verhandlungen gab, ohne Zweifel eine unverdiente Aufwertung dar. W\u00e4hrend Jerusalem sich mit offener Kritik an der Mission Adam Boehler zur\u00fcckh\u00e4lt, versetzte sie nun offenbar das Regime um den in Ramallah residierenden \u00bbPr\u00e4sidenten\u00ab Abu Mazen in helle Aufregung, sieht sich dessen \u00bbF\u00fchrung\u00ab doch als alleinige Repr\u00e4sentantin \u00bbpal\u00e4stinensischer\u00ab Interessen.<\/p>\n<p>In scharfen T\u00f6nen wirft das PLO-Regime der islamistischen Terrororganisation daher vor, die \u00bbnationale Einheit\u00ab der \u00bbPal\u00e4stinenser\u00ab zu <a href=\"https:\/\/english.wafa.ps\/Pages\/Details\/155478\">hintertreiben<\/a>, nicht \u00fcber ein Mandat zu Verhandlungen mit \u00bbausl\u00e4ndischen M\u00e4chten\u00ab zu verf\u00fcgen. Statt sich vom antisemitischen Terror der Hamas zu distanzieren, von ihren Verbrechen, betrachtet die \u00bbPal\u00e4stinenserf\u00fchrung\u00ab sie als ebenb\u00fcrtig. Sie stellt sich damit selbst auf eine Stufe mit den islamistischen Terroristen.<\/p>\n","protected":false},"excerpt":{"rendered":"<p>In der vergangenen Woche wurde bekannt, da\u00df die Vereinigten Staaten an der Regierung in Jerusalem vorbei Kontakte zur Hamas hatten. Im Mittelpunkt der von Adam Boehler, dem Sondergesandten des amerikanischen Pr\u00e4sidenten Donald J. Trump f\u00fcr Geiselangelegenheiten, gef\u00fchrten Gespr\u00e4che stand das Schicksal Edan Alexanders, der die letzte noch lebende Geisel der Islamisten mit israelisch-amerikanischer Staatsangeh\u00f6rigkeit sein [&hellip;]<\/p>\n","protected":false},"author":1,"featured_media":0,"comment_status":"open","ping_status":"open","sticky":false,"template":"","format":"standard","meta":{"footnotes":""},"categories":[2],"tags":[16,38,130,148,157,192,252,313,374],"class_list":["post-8892","post","type-post","status-publish","format-standard","hentry","category-allgemein","tag-abu-mazen","tag-antisemitismus","tag-fatah","tag-gaza","tag-hamas","tag-islamismus","tag-mahmoud-abbas","tag-plo","tag-terrorismus"],"_links":{"self":[{"href":"https:\/\/www.tw24.net\/index.php?rest_route=\/wp\/v2\/posts\/8892","targetHints":{"allow":["GET"]}}],"collection":[{"href":"https:\/\/www.tw24.net\/index.php?rest_route=\/wp\/v2\/posts"}],"about":[{"href":"https:\/\/www.tw24.net\/index.php?rest_route=\/wp\/v2\/types\/post"}],"author":[{"embeddable":true,"href":"https:\/\/www.tw24.net\/index.php?rest_route=\/wp\/v2\/users\/1"}],"replies":[{"embeddable":true,"href":"https:\/\/www.tw24.net\/index.php?rest_route=%2Fwp%2Fv2%2Fcomments&post=8892"}],"version-history":[{"count":1,"href":"https:\/\/www.tw24.net\/index.php?rest_route=\/wp\/v2\/posts\/8892\/revisions"}],"predecessor-version":[{"id":8893,"href":"https:\/\/www.tw24.net\/index.php?rest_route=\/wp\/v2\/posts\/8892\/revisions\/8893"}],"wp:attachment":[{"href":"https:\/\/www.tw24.net\/index.php?rest_route=%2Fwp%2Fv2%2Fmedia&parent=8892"}],"wp:term":[{"taxonomy":"category","embeddable":true,"href":"https:\/\/www.tw24.net\/index.php?rest_route=%2Fwp%2Fv2%2Fcategories&post=8892"},{"taxonomy":"post_tag","embeddable":true,"href":"https:\/\/www.tw24.net\/index.php?rest_route=%2Fwp%2Fv2%2Ftags&post=8892"}],"curies":[{"name":"wp","href":"https:\/\/api.w.org\/{rel}","templated":true}]}}