{"id":8937,"date":"2025-04-01T10:43:44","date_gmt":"2025-04-01T08:43:44","guid":{"rendered":"https:\/\/www.tw24.net\/?p=8937"},"modified":"2025-04-01T10:43:44","modified_gmt":"2025-04-01T08:43:44","slug":"europas-beitrag-2","status":"publish","type":"post","link":"https:\/\/www.tw24.net\/?p=8937","title":{"rendered":"Europas Beitrag"},"content":{"rendered":"<p>Im vergangenen Sommer <a href=\"https:\/\/enlargement.ec.europa.eu\/letter-intent-between-palestinian-authority-and-european-commission_en\">vereinbarten<\/a> die Europ\u00e4ische Kommission unter ihrer Pr\u00e4sidentin Ursula von der Leyen und die \u00bbPal\u00e4stinenserf\u00fchrung\u00ab um \u00bbPr\u00e4sident\u00ab Abu Mazen eine weitere Vertiefung ihrer Kooperation bei der \u00dcberwindung der Dauerkrise des PLO-Regimes. Im Gegenzug f\u00fcr allerlei Versprechungen erhielt die Clique um den auch als Mahmoud Abbas firmierenden \u00bbPal\u00e4stinenserpr\u00e4sidenten\u00ab <a href=\"https:\/\/enlargement.ec.europa.eu\/news\/european-commission-and-palestinian-authority-agree-emergency-financial-support-and-principles-2024-07-19_en\">Zusagen<\/a> \u00fcber 400 Millionen Euro.<\/p>\n<p>Das Geld sollte der Verabredung zufolge \u00bbin Abh\u00e4ngigkeit vom Fortschritt der Umsetzung der vereinbarten Reformen\u00ab in drei Tranchen zwischen Juli und September 2024 zur Verf\u00fcgung gestellt werden. Teil dieser Reformen sollte eine \u00dcberarbeitung \u00bbpal\u00e4stinensischer\u00ab Lehrpl\u00e4ne und -b\u00fccher sein, die bereit im August 2024 erste Ergebnisse zeitigen sollte. Am 19. November 2024 <a href=\"https:\/\/enlargement.ec.europa.eu\/news\/eu-disburses-third-instalment-emergency-package-palestinian-authority-following-agreement-2024-11-19_en\">meldete<\/a> Br\u00fcssel, die dritte Tranche der Hilfen sei freigegeben worden.<\/p>\n<p>Die Europ\u00e4ische Kommission und mit ihr die Europ\u00e4ische Union hielten damit Wort, zumindest gegen\u00fcber dem Regime in Ramallah. Die Zusage freilich, die Unterst\u00fctzung f\u00fcr die \u00bbPal\u00e4stinenser\u00ab werde vom Fortschritt der Reformen in Ramallah abh\u00e4ngig gemacht, hatte wohl g\u00fcnstigenfalls die Qualit\u00e4t eines CDU-Wahlprogramms, wie der Blick auf die auch in Gaza verwendeten \u00bb\u00fcberarbeiteten\u00ab Lehrpl\u00e4ne und -materialien des PLO-Regimes zeigt.<\/p>\n<p>In einer j\u00fcngst ver\u00f6ffentlichten <a href=\"https:\/\/www.impact-se.org\/wp-content\/uploads\/Gazas-Educational-Frameworks.pdf\">Studie<\/a> belegt die renommierte NGO IMPACT-se, da\u00df das von Ramallah entwickelte Unterrichtsprogramm nach wie vor weit davon entfernt ist, g\u00e4ngige UNESCO-Standards f\u00fcr Bildung umzusetzen. Statt sie zu streichen, wurden gerade die problematischen Inhalte &#8211; antisemitische Hetze gegen Juden und Israel sowie die Verherrlichung terroristischer Gewalt &#8211; auch in neue Lehrpl\u00e4ne und -programme \u00fcbernommen.<\/p>\n<p>In Gaza hat, soweit m\u00f6glich, in diesen Tagen auf Anordnung Ramallahs ein neues Schuljahr begonnen, nachdem der von der Hamas begonnene Vernichtungskrieg gegen <\/span><em><span class=\"tm7\">den<\/span><\/em><span class=\"tm6\"> j\u00fcdischen Staat regul\u00e4ren Unterricht f\u00fcr lange Zeit nahezu unm\u00f6glich gemacht hatte. Das Regime um \u00bbPr\u00e4sident\u00ab Abu Mazen h\u00e4tte diese Gelegenheit nutzen k\u00f6nnen, mit seinem neuen Bildungsprogramm zum Abbau von Spannungen und zum Ende des Konflikts beitragen k\u00f6nnen.<\/p>\n<p>Tats\u00e4chlich kn\u00fcpft es jedoch da an, wo die \u00bbAl-Aksa-Flut\u00ab f\u00fcr dauerhaften Unterrichtsausfall sorgte. Heranwachsende insbesondere in Gaza werden, wenn \u00fcberhaupt m\u00f6glich, weiterhin und noch intensiver antisemitisch indoktriniert und dazu erzogen, islamistischen und anderen antisemitischen Terroristen nachzueifern. Und mit ihrer finanziellen Unterst\u00fctzung f\u00fcr Ramallah hat die Europ\u00e4ische Kommission, hat die EU ganz wesentlichen Anteil daran.<\/p>\n","protected":false},"excerpt":{"rendered":"<p>Im vergangenen Sommer vereinbarten die Europ\u00e4ische Kommission unter ihrer Pr\u00e4sidentin Ursula von der Leyen und die \u00bbPal\u00e4stinenserf\u00fchrung\u00ab um \u00bbPr\u00e4sident\u00ab Abu Mazen eine weitere Vertiefung ihrer Kooperation bei der \u00dcberwindung der Dauerkrise des PLO-Regimes. Im Gegenzug f\u00fcr allerlei Versprechungen erhielt die Clique um den auch als Mahmoud Abbas firmierenden \u00bbPal\u00e4stinenserpr\u00e4sidenten\u00ab Zusagen \u00fcber 400 Millionen Euro. Das [&hellip;]<\/p>\n","protected":false},"author":1,"featured_media":0,"comment_status":"open","ping_status":"open","sticky":false,"template":"","format":"standard","meta":{"footnotes":""},"categories":[2],"tags":[16,38,79,120,123,124,641,148,157,167,1358,180,192,194,239,303,313,374,383,507],"class_list":["post-8937","post","type-post","status-publish","format-standard","hentry","category-allgemein","tag-abu-mazen","tag-antisemitismus","tag-cdu","tag-eu","tag-europaeische-kommission","tag-europaeische-union","tag-evp","tag-gaza","tag-hamas","tag-hetze","tag-impact-se","tag-indoktrination","tag-islamismus","tag-israel","tag-korruption","tag-pa","tag-plo","tag-terrorismus","tag-unesco","tag-ursula-von-der-leyen"],"_links":{"self":[{"href":"https:\/\/www.tw24.net\/index.php?rest_route=\/wp\/v2\/posts\/8937","targetHints":{"allow":["GET"]}}],"collection":[{"href":"https:\/\/www.tw24.net\/index.php?rest_route=\/wp\/v2\/posts"}],"about":[{"href":"https:\/\/www.tw24.net\/index.php?rest_route=\/wp\/v2\/types\/post"}],"author":[{"embeddable":true,"href":"https:\/\/www.tw24.net\/index.php?rest_route=\/wp\/v2\/users\/1"}],"replies":[{"embeddable":true,"href":"https:\/\/www.tw24.net\/index.php?rest_route=%2Fwp%2Fv2%2Fcomments&post=8937"}],"version-history":[{"count":1,"href":"https:\/\/www.tw24.net\/index.php?rest_route=\/wp\/v2\/posts\/8937\/revisions"}],"predecessor-version":[{"id":8938,"href":"https:\/\/www.tw24.net\/index.php?rest_route=\/wp\/v2\/posts\/8937\/revisions\/8938"}],"wp:attachment":[{"href":"https:\/\/www.tw24.net\/index.php?rest_route=%2Fwp%2Fv2%2Fmedia&parent=8937"}],"wp:term":[{"taxonomy":"category","embeddable":true,"href":"https:\/\/www.tw24.net\/index.php?rest_route=%2Fwp%2Fv2%2Fcategories&post=8937"},{"taxonomy":"post_tag","embeddable":true,"href":"https:\/\/www.tw24.net\/index.php?rest_route=%2Fwp%2Fv2%2Ftags&post=8937"}],"curies":[{"name":"wp","href":"https:\/\/api.w.org\/{rel}","templated":true}]}}