{"id":8959,"date":"2025-04-10T15:34:37","date_gmt":"2025-04-10T13:34:37","guid":{"rendered":"https:\/\/www.tw24.net\/?p=8959"},"modified":"2025-04-10T15:34:37","modified_gmt":"2025-04-10T13:34:37","slug":"lohn-des-terrors-2","status":"publish","type":"post","link":"https:\/\/www.tw24.net\/?p=8959","title":{"rendered":"Lohn des Terrors"},"content":{"rendered":"<p>Der franz\u00f6sische Pr\u00e4sident Emmanuel Macron hat Pl\u00e4ne best\u00e4tigt, nach denen Paris \u00bbinnerhalb von Monaten\u00ab einen \u00bbpal\u00e4stinensischen\u00ab Staat anerkennen will. Bereits im Juni k\u00f6nnte Frankreich diesen Schritt vollziehen, <a href=\"https:\/\/www.lemonde.fr\/en\/france\/article\/2025\/04\/09\/macron-says-france-could-recognize-palestinian-state-in-june_6740033_7.html\">erkl\u00e4rte<\/a> das franz\u00f6sische Staatsoberhaupt gegen\u00fcber einem Fernsehsender. In diesem Monat sitzen Frankreich und Saudi-Barbarien einer von den Vereinten Nationen geplanten Konferenz zur \u00bbFrage Pal\u00e4stinas\u00ab vor.<\/p>\n<p><img loading=\"lazy\" decoding=\"async\" src=\"https:\/\/www.tw24.net\/wp-content\/uploads\/2024\/05\/tehrantimes20240529.png\" alt=\"\" width=\"470\" height=\"203\" class=\"aligncenter size-full wp-image-8208\" srcset=\"https:\/\/www.tw24.net\/wp-content\/uploads\/2024\/05\/tehrantimes20240529.png 470w, https:\/\/www.tw24.net\/wp-content\/uploads\/2024\/05\/tehrantimes20240529-300x130.png 300w\" sizes=\"auto, (max-width: 470px) 100vw, 470px\" \/><\/p>\n<p>In der zu der Veranstaltung von der Vollversammlung der Vereinten Nationen beschlossenen <a href=\"https:\/\/www.un.org\/unispal\/document\/peaceful-settlement-of-the-question-of-palestine-general-assembly-draft-resolution-a-79-l-23\/\">Resolution<\/a> ist wenig von der islamistischen Terrororganisation Hamas und ihren Verbrechen zu lesen, in der Tat wird die Hamas in ihr nicht erw\u00e4hnt, daf\u00fcr werden in ihr einmal mehr all jene haltlosen Vorw\u00fcrfe wiederholt, mit denen zahllose Gremien der Vereinten Nationen seit Jahr und Tag <i>den<\/i> j\u00fcdischen Staat zu verleumden und zu diskreditieren pflegen.<\/p>\n<p>Da\u00df Paris sich hergibt, mit seinem Vorsitz eine an Einseitigkeit kaum zu \u00fcbertreffende Resolution beziehungsweise Versammlung zu legitimieren, ist so bezeichnend wie bedauerlich, zumal schon jetzt absehbar ist, da\u00df dieses Treffen den \u00bbpal\u00e4stinensisch\u00ab-israelischen Konflikt nicht beenden k\u00f6nnen wird. Denn dazu bed\u00fcrfte es neben einer glaubw\u00fcrdigen internationalen auch einer \u00bbpal\u00e4stinensischen\u00ab \u00c4chtung mindestens der Hamas.<\/p>\n<p>Und da beides nicht absehbar ist, ist es die iranische Tageszeitung <i>Tehran Times<\/i>, die schon im Mai 2024 unter der \u00dcberschrift \u00bbDie Fr\u00fcchte des Widerstands\u00ab alles zu den franz\u00f6sischen Pl\u00e4nen <a href=\"https:\/\/www.tehrantimes.com\/news\/499194\/The-fruit-of-resistance-Towards-a-Palestinian-state\">verriet<\/a>, was es zu ihnen zu wissen gilt: \u00bbEs ist sonnenklar, da\u00df es der pal\u00e4stinensische Widerstand war, der Israel und seine Verb\u00fcndeten isoliert, die Grausamkeit des Scheinregimes entlarvt und den Weg zur Gr\u00fcndung eines unabh\u00e4ngigen pal\u00e4stinensischen Staates geebnet hat\u00ab.<\/p>\n","protected":false},"excerpt":{"rendered":"<p>Der franz\u00f6sische Pr\u00e4sident Emmanuel Macron hat Pl\u00e4ne best\u00e4tigt, nach denen Paris \u00bbinnerhalb von Monaten\u00ab einen \u00bbpal\u00e4stinensischen\u00ab Staat anerkennen will. Bereits im Juni k\u00f6nnte Frankreich diesen Schritt vollziehen, erkl\u00e4rte das franz\u00f6sische Staatsoberhaupt gegen\u00fcber einem Fernsehsender. In diesem Monat sitzen Frankreich und Saudi-Barbarien einer von den Vereinten Nationen geplanten Konferenz zur \u00bbFrage Pal\u00e4stinas\u00ab vor. In der zu [&hellip;]<\/p>\n","protected":false},"author":1,"featured_media":0,"comment_status":"open","ping_status":"open","sticky":false,"template":"","format":"standard","meta":{"footnotes":""},"categories":[2],"tags":[11,38,117,145,148,157,192,194,313,349,374,399],"class_list":["post-8959","post","type-post","status-publish","format-standard","hentry","category-allgemein","tag-palaestina","tag-antisemitismus","tag-emmanuel-macron","tag-frankreich","tag-gaza","tag-hamas","tag-islamismus","tag-israel","tag-plo","tag-saudi-barbarien","tag-terrorismus","tag-vereinte-nationen"],"_links":{"self":[{"href":"https:\/\/www.tw24.net\/index.php?rest_route=\/wp\/v2\/posts\/8959","targetHints":{"allow":["GET"]}}],"collection":[{"href":"https:\/\/www.tw24.net\/index.php?rest_route=\/wp\/v2\/posts"}],"about":[{"href":"https:\/\/www.tw24.net\/index.php?rest_route=\/wp\/v2\/types\/post"}],"author":[{"embeddable":true,"href":"https:\/\/www.tw24.net\/index.php?rest_route=\/wp\/v2\/users\/1"}],"replies":[{"embeddable":true,"href":"https:\/\/www.tw24.net\/index.php?rest_route=%2Fwp%2Fv2%2Fcomments&post=8959"}],"version-history":[{"count":1,"href":"https:\/\/www.tw24.net\/index.php?rest_route=\/wp\/v2\/posts\/8959\/revisions"}],"predecessor-version":[{"id":8960,"href":"https:\/\/www.tw24.net\/index.php?rest_route=\/wp\/v2\/posts\/8959\/revisions\/8960"}],"wp:attachment":[{"href":"https:\/\/www.tw24.net\/index.php?rest_route=%2Fwp%2Fv2%2Fmedia&parent=8959"}],"wp:term":[{"taxonomy":"category","embeddable":true,"href":"https:\/\/www.tw24.net\/index.php?rest_route=%2Fwp%2Fv2%2Fcategories&post=8959"},{"taxonomy":"post_tag","embeddable":true,"href":"https:\/\/www.tw24.net\/index.php?rest_route=%2Fwp%2Fv2%2Ftags&post=8959"}],"curies":[{"name":"wp","href":"https:\/\/api.w.org\/{rel}","templated":true}]}}