{"id":8965,"date":"2025-04-14T12:41:57","date_gmt":"2025-04-14T10:41:57","guid":{"rendered":"https:\/\/www.tw24.net\/?p=8965"},"modified":"2025-04-14T12:41:57","modified_gmt":"2025-04-14T10:41:57","slug":"propagandistin","status":"publish","type":"post","link":"https:\/\/www.tw24.net\/?p=8965","title":{"rendered":"Propagandistin"},"content":{"rendered":"<p>Die israelischen Streitkr\u00e4fte haben am Sonntag einen St\u00fctzpunkt islamistischer Terroristen zerst\u00f6rt. Die f\u00fcr Angriffe auf israelische Truppen und <i>den<\/i> j\u00fcdischen Staat genutzte Kommandozentrale hatte die Hamas in einem Geb\u00e4ude auf dem Gel\u00e4nde eines Krankenhauses in Gaza eingerichtet, wie sie das nach <a href=\"https:\/\/allisrael.com\/hamas-set-up-an-office-inside-nasser-hospital-in-khan-younis-gazan-opponents-of-the-terror-group-say\">Angaben<\/a> oppositioneller \u00bbPal\u00e4stinenser\u00ab immer wieder tut. Die israelische Armee ihr <a href=\"https:\/\/www.jpost.com\/israel-news\/article-849950\">Eingreifen<\/a> zuvor angek\u00fcndigt.<\/p>\n<p>Doch obgleich bei dem gezielten Luftschlag mit zwei Raketen selbst nach \u00bbpal\u00e4stinensischen\u00ab Berichten niemand get\u00f6tet wurde &#8211; ein Patient soll danach gestorben sein, weil er nach der Evakuierung des Krankenhauses nicht mehr habe versorgt werden k\u00f6nnen -, f\u00fchlt sich Annalena Baerbock, die sich leider noch immer Au\u00dfenministerin nennen darf, berufen, Israel <a href=\"https:\/\/x.com\/ABaerbock\/status\/1911424596424679657\">\u00f6ffentlich<\/a> und im Namen Deutschlands ins Unrecht <a href=\"https:\/\/x.com\/GermanyDiplo\/status\/1911424891212922919\">zu setzen<\/a>.<\/p>\n<p>\u00bbDer grausame Hamas-Terror geh\u00f6rt bek\u00e4mpft\u00ab, r\u00e4umt die designierte Pr\u00e4sidentin der UN-Vollversammlung zwar ein. \u00bbAber humanit\u00e4res V\u00f6lkerrecht gilt, mit besonderer Schutzverpflichtung f\u00fcr zivile Orte.\u00ab Und um deutlich zu machen, da\u00df sie damit nicht die Hamas meint und deren <a href=\"https:\/\/www.jpost.com\/israel-news\/article-850068\">Mi\u00dfbrauch<\/a> ziviler Infrastruktur, fragt die feministische Au\u00dfenministerin, \u00bbwie soll ein Krankenhaus in weniger als 20 Min. evakuiert werden?\u00ab<\/p>\n<p>Seit feststeht, da\u00df ihre Tage im Ausw\u00e4rtigen Amt gez\u00e4hlt sind, l\u00e4\u00dft die amtierende deutsche Au\u00dfenministerin kaum einen von ihnen ohne einen Angriff auf den j\u00fcdischen Staat verstreichen. Und immer wieder suggeriert sie dabei, Israel mi\u00dfachte V\u00f6lkerrecht bei seinem Vorgehen gegen die Hamas und zur Befreiung der noch in ihrer Gewalt befindlichen j\u00fcdischen Geiseln. Und immer ist ihre Interpretation von V\u00f6lkerrecht &#8211; gewagt.<\/p>\n<p>Tats\u00e4chlich n\u00e4mlich gibt es kein V\u00f6lkerrecht, das die Verfolgung und den Kampf gegen Terroristen verbietet. Es gebietet vielmehr, gegen sie vorzugehen und nicht, sie zu st\u00e4rken, wie etwa durch die Belieferung mit \u00bbHilfsg\u00fctern\u00ab. Die israelischen Streitkr\u00e4fte sind verpflichtet, f\u00fcr die Sicherheit der Menschen zu sorgen, die <i>im<\/i> j\u00fcdischen Staat leben, den die Hamas am 7. Oktober 2023 mit der Absicht seiner Vernichtung \u00fcberfallen hat.<\/p>\n<p>Da\u00df dieser Kampf leider noch nicht beendet ist, machten an diesem Wochenende nicht zuletzt <a href=\"https:\/\/www.timesofisrael.com\/liveblog_entry\/idf-issues-evacuation-warning-for-khan-younis-area-after-latest-gaza-rocket-fire\/\">Raketenangriffe<\/a> der Islamisten auf Israel deutlich. Und das zeigt nicht zuletzt auch ihre anhaltende Pr\u00e4senz gerade in zivilen Einrichtungen, die dadurch ihren v\u00f6lkerrechtlichen Schutz verlieren. Annalena Baerbock sollte \u00bbPal\u00e4stinenser\u00ab unterst\u00fctzen, die das <a href=\"https:\/\/www.ynetnews.com\/article\/byax2sfayg\">anprangern<\/a>, statt mit antiisraelischer Propaganda die Hamas zu legitimieren.<\/p>\n","protected":false},"excerpt":{"rendered":"<p>Die israelischen Streitkr\u00e4fte haben am Sonntag einen St\u00fctzpunkt islamistischer Terroristen zerst\u00f6rt. Die f\u00fcr Angriffe auf israelische Truppen und den j\u00fcdischen Staat genutzte Kommandozentrale hatte die Hamas in einem Geb\u00e4ude auf dem Gel\u00e4nde eines Krankenhauses in Gaza eingerichtet, wie sie das nach Angaben oppositioneller \u00bbPal\u00e4stinenser\u00ab immer wieder tut. Die israelische Armee ihr Eingreifen zuvor angek\u00fcndigt. Doch [&hellip;]<\/p>\n","protected":false},"author":1,"featured_media":0,"comment_status":"open","ping_status":"open","sticky":false,"template":"","format":"standard","meta":{"footnotes":""},"categories":[2],"tags":[906,38,49,68,78,102,112,148,157,192,194,320,374,399],"class_list":["post-8965","post","type-post","status-publish","format-standard","hentry","category-allgemein","tag-annalena-baerbock","tag-antisemitismus","tag-auswaertiges-amt","tag-bigotterie","tag-buendnis-90-die-gruenen","tag-deutschland","tag-double-standards","tag-gaza","tag-hamas","tag-islamismus","tag-israel","tag-propaganda","tag-terrorismus","tag-vereinte-nationen"],"_links":{"self":[{"href":"https:\/\/www.tw24.net\/index.php?rest_route=\/wp\/v2\/posts\/8965","targetHints":{"allow":["GET"]}}],"collection":[{"href":"https:\/\/www.tw24.net\/index.php?rest_route=\/wp\/v2\/posts"}],"about":[{"href":"https:\/\/www.tw24.net\/index.php?rest_route=\/wp\/v2\/types\/post"}],"author":[{"embeddable":true,"href":"https:\/\/www.tw24.net\/index.php?rest_route=\/wp\/v2\/users\/1"}],"replies":[{"embeddable":true,"href":"https:\/\/www.tw24.net\/index.php?rest_route=%2Fwp%2Fv2%2Fcomments&post=8965"}],"version-history":[{"count":1,"href":"https:\/\/www.tw24.net\/index.php?rest_route=\/wp\/v2\/posts\/8965\/revisions"}],"predecessor-version":[{"id":8966,"href":"https:\/\/www.tw24.net\/index.php?rest_route=\/wp\/v2\/posts\/8965\/revisions\/8966"}],"wp:attachment":[{"href":"https:\/\/www.tw24.net\/index.php?rest_route=%2Fwp%2Fv2%2Fmedia&parent=8965"}],"wp:term":[{"taxonomy":"category","embeddable":true,"href":"https:\/\/www.tw24.net\/index.php?rest_route=%2Fwp%2Fv2%2Fcategories&post=8965"},{"taxonomy":"post_tag","embeddable":true,"href":"https:\/\/www.tw24.net\/index.php?rest_route=%2Fwp%2Fv2%2Ftags&post=8965"}],"curies":[{"name":"wp","href":"https:\/\/api.w.org\/{rel}","templated":true}]}}