{"id":9023,"date":"2025-05-07T15:34:48","date_gmt":"2025-05-07T13:34:48","guid":{"rendered":"https:\/\/www.tw24.net\/?p=9023"},"modified":"2025-05-07T15:34:58","modified_gmt":"2025-05-07T13:34:58","slug":"kontinuitaeten","status":"publish","type":"post","link":"https:\/\/www.tw24.net\/?p=9023","title":{"rendered":"Kontinuit\u00e4ten"},"content":{"rendered":"<p>Kurz nach seiner erst im zweiten Wahlgang gelungenen Inthronisierung als neuer Kanzler Deutschlands teilte Friedrich Merz der Nation mit, Israel <a href=\"https:\/\/www.ardmediathek.de\/video\/brennpunkt\/brennpunkt-das-drama-um-die-kanzlerwahl\/das-erste\/Y3JpZDovL3dkci5kZS9CZWl0cmFnLXNvcGhvcmEtNzE5YWM0ZWYtNTk0My00OTBlLThmMzQtMWIzZDI1MmM5ZjI5\">bereite<\/a> \u00bbuns allergr\u00f6\u00dfte Sorgen\u00ab. Ohne ins Detail zu gehen, erkl\u00e4rte der CDU-Politiker, es m\u00fcsse \u00bbklar sein, da\u00df die israelische Regierung ihre Verpflichtungen auch im V\u00f6lkerrecht, im Kriegsv\u00f6lkerrecht zu erf\u00fcllen\u00ab habe, \u00bbdie humanit\u00e4re Hilfe im Gaza-Streifen, die\u00ab m\u00fcsse \u00bbgeleistet werden\u00ab.<\/p>\n<p>Nachdem Friedrich Merz <i>den<\/i> j\u00fcdischen Staat so mindestens indirekt ins Unrecht gesetzt hatte, billigte er Israel dann immerhin doch noch ein Recht auf Verteidigung gegen die Hamas zu, eine an dieser Stelle freilich l\u00e4ngst zur Floskel verkommene Bemerkung. Die islamistischen Barbaren, deren Anh\u00e4nger der Christdemokrat gewi\u00df keiner ist, d\u00fcrften gleichwohl zufrieden sein mit diesem Auftritt, der ja eben doch einer in ihrem Sinne war.<\/p>\n<p>Nicht sie und ihre feige Taktik, sich in Gaza hinter j\u00fcdischen Geiseln und \u00bbpal\u00e4stinensischen\u00ab Zivilisten zu verstecken und so Leid zu provozieren, standen im Mittelpunkt, angeprangert wurde Israel, das \u00bberhebliche Besorgnis\u00ab ausl\u00f6se oder sogar die \u00bballergr\u00f6\u00dfte Sorge\u00ab. Und nicht die Hamas wurde belehrt, was sie zu tun oder zu lassen habe, sondern &#8211; Israel. Das Gesicht ist \u00bbneu\u00ab, die Stimme tiefer &#8211; der <i>Sound<\/i> aber war der Annalena Baerbocks.<\/p>\n<p>Dabei h\u00e4tte der neue Kanzler durchaus auch neue Akzente setzen k\u00f6nnen. Weshalb beispielsweise widersprach er nicht der dreisten Behauptung des Fragestellers, da\u00df der israelische Premier Benjamin Netanjahu anstrebe, da\u00df \u00bbdie Menschen von dort, ja, das Gebiet verlassen sollen\u00ab? Mit seiner Antwort adelte Friedrich Merz das antiisraelische Ressentiment, machte das verlogene Geraune noch ein wenig hoff\u00e4higer. Ein durch und durch peinliches \u00bbDeb\u00fct\u00ab.<\/p>\n","protected":false},"excerpt":{"rendered":"<p>Kurz nach seiner erst im zweiten Wahlgang gelungenen Inthronisierung als neuer Kanzler Deutschlands teilte Friedrich Merz der Nation mit, Israel bereite \u00bbuns allergr\u00f6\u00dfte Sorgen\u00ab. Ohne ins Detail zu gehen, erkl\u00e4rte der CDU-Politiker, es m\u00fcsse \u00bbklar sein, da\u00df die israelische Regierung ihre Verpflichtungen auch im V\u00f6lkerrecht, im Kriegsv\u00f6lkerrecht zu erf\u00fcllen\u00ab habe, \u00bbdie humanit\u00e4re Hilfe im Gaza-Streifen, [&hellip;]<\/p>\n","protected":false},"author":1,"featured_media":0,"comment_status":"open","ping_status":"open","sticky":false,"template":"","format":"standard","meta":{"footnotes":""},"categories":[2],"tags":[906,38,44,831,67,68,79,102,112,1221,148,157,192,194,1175,374],"class_list":["post-9023","post","type-post","status-publish","format-standard","hentry","category-allgemein","tag-annalena-baerbock","tag-antisemitismus","tag-ard","tag-aussenpolitik","tag-bias","tag-bigotterie","tag-cdu","tag-deutschland","tag-double-standards","tag-friedrich-merz","tag-gaza","tag-hamas","tag-islamismus","tag-israel","tag-oer","tag-terrorismus"],"_links":{"self":[{"href":"https:\/\/www.tw24.net\/index.php?rest_route=\/wp\/v2\/posts\/9023","targetHints":{"allow":["GET"]}}],"collection":[{"href":"https:\/\/www.tw24.net\/index.php?rest_route=\/wp\/v2\/posts"}],"about":[{"href":"https:\/\/www.tw24.net\/index.php?rest_route=\/wp\/v2\/types\/post"}],"author":[{"embeddable":true,"href":"https:\/\/www.tw24.net\/index.php?rest_route=\/wp\/v2\/users\/1"}],"replies":[{"embeddable":true,"href":"https:\/\/www.tw24.net\/index.php?rest_route=%2Fwp%2Fv2%2Fcomments&post=9023"}],"version-history":[{"count":1,"href":"https:\/\/www.tw24.net\/index.php?rest_route=\/wp\/v2\/posts\/9023\/revisions"}],"predecessor-version":[{"id":9024,"href":"https:\/\/www.tw24.net\/index.php?rest_route=\/wp\/v2\/posts\/9023\/revisions\/9024"}],"wp:attachment":[{"href":"https:\/\/www.tw24.net\/index.php?rest_route=%2Fwp%2Fv2%2Fmedia&parent=9023"}],"wp:term":[{"taxonomy":"category","embeddable":true,"href":"https:\/\/www.tw24.net\/index.php?rest_route=%2Fwp%2Fv2%2Fcategories&post=9023"},{"taxonomy":"post_tag","embeddable":true,"href":"https:\/\/www.tw24.net\/index.php?rest_route=%2Fwp%2Fv2%2Ftags&post=9023"}],"curies":[{"name":"wp","href":"https:\/\/api.w.org\/{rel}","templated":true}]}}