{"id":9181,"date":"2025-07-15T11:07:39","date_gmt":"2025-07-15T09:07:39","guid":{"rendered":"https:\/\/www.tw24.net\/?p=9181"},"modified":"2025-07-15T11:07:39","modified_gmt":"2025-07-15T09:07:39","slug":"verschobenes-tribunal","status":"publish","type":"post","link":"https:\/\/www.tw24.net\/?p=9181","title":{"rendered":"Verschobenes Tribunal"},"content":{"rendered":"<p>Mu\u00dfte die zuletzt f\u00fcr <a href=\"https:\/\/thearabweekly.com\/saudi-french-chaired-un-conference-two-state-solution-set-june\">Mitte Juni<\/a> geplante und zuvor bereits f\u00fcr den <a href=\"https:\/\/www.un.org\/unispal\/wp-content\/uploads\/2024\/12\/n2436810.pdf\">Monatsbeginn<\/a> angesetzte Konferenz der Vereinten Nationen \u00fcber eine \u00bbfriedliche Kl\u00e4rung der Pal\u00e4stina-Frage und die Umsetzung der Zwei-Staaten-L\u00f6sung\u00ab wegen der kriegerischen Auseinandersetzungen zwischen Israel und der Islamischen Republik Iran kurzfristig <a href=\"https:\/\/www.reuters.com\/world\/europe\/un-conference-israel-palestinian-issue-postponed-after-attack-iran-sources-say-2025-06-13\/\">abgesagt<\/a> werden, soll sie nun am 28. und 29. Juli im UN-Hauptquartier in New York <a href=\"https:\/\/www.timesofisrael.com\/french-saudi-un-confab-on-two-state-solution-said-rescheduled-for-july-28-29\/\">nachgeholt<\/a> werden.<\/p>\n<p>Wollten urspr\u00fcnglich der franz\u00f6sische Pr\u00e4sident Emmanuel Macron und Mohammed bin Salman al-Saud, der saudi-barbarische Kronprinz, sich den Vorsitz des Treffens teilen, scheinen sie Ende Juli verhindert zu sein. Jedenfalls ist von ihrer Teilnahme nicht mehr die Rede, die Konferenz soll nun auf der Au\u00dfenministerebene stattfinden. Das ist bedeutsam, da insbesondere das franz\u00f6sische Staatsoberhaupt gro\u00dfe Pl\u00e4ne f\u00fcr die Zusammenkunft hatte.<\/p>\n<p>Hatte Emmanuel Macron n\u00e4mlich schon im April <a href=\"https:\/\/www.lemonde.fr\/en\/france\/article\/2025\/04\/09\/macron-says-france-could-recognize-palestinian-state-in-june_6740033_7.html\">verk\u00fcndet<\/a>, sein Frankreich k\u00f6nne \u00bbbis Juni\u00ab einen \u00bbpal\u00e4stinensischen\u00ab Staat anerkennen, und damit vor allem sich selbst unter Zugzwang gesetzt, k\u00f6nnte nun ein weiterer Monat vergehen, ohne da\u00df er sein Versprechen einl\u00f6st. Dabei gilt (nicht nur) in Paris die Anerkennung einer Staatlichkeit \u00bbPal\u00e4stinas\u00ab doch als <i>das<\/i> Rezept, den \u00bbpal\u00e4stinensisch\u00ab-israelischen Konflikt zu befrieden und zu beenden.<\/p>\n<p>Ist Emmanuel Macron, der sich j\u00fcngst noch als BDS-Aktivist <a href=\"https:\/\/www.tw24.net\/?p=9115\">bet\u00e4tigt<\/a> hatte, zwischenzeitlich aufgegangen, da\u00df an dem &#8211; nicht zuletzt von Teheran <a href=\"https:\/\/www.tehrantimes.com\/news\/499194\/The-fruit-of-resistance-Towards-a-Palestinian-state\">best\u00e4tigten<\/a> &#8211; Einwand doch etwas dran sein k\u00f6nnte, eine Anerkennung \u00bbPal\u00e4stinas\u00ab als Staat w\u00e4re gegenw\u00e4rtig ein Geschenk an die Hamas? Danach sieht es leider nicht aus. Wie der <i>Guardian<\/i> von franz\u00f6sischen Quellen <a href=\"https:\/\/www.theguardian.com\/world\/2025\/jul\/13\/macron-not-expected-to-attend-un-summit-on-two-state-solution-for-palestine-and-israel\">erfahren<\/a> haben will, k\u00f6nnte \u00bbeine Nachfolgeveranstaltung in Paris die B\u00fchne daf\u00fcr bieten\u00ab.<\/p>\n","protected":false},"excerpt":{"rendered":"<p>Mu\u00dfte die zuletzt f\u00fcr Mitte Juni geplante und zuvor bereits f\u00fcr den Monatsbeginn angesetzte Konferenz der Vereinten Nationen \u00fcber eine \u00bbfriedliche Kl\u00e4rung der Pal\u00e4stina-Frage und die Umsetzung der Zwei-Staaten-L\u00f6sung\u00ab wegen der kriegerischen Auseinandersetzungen zwischen Israel und der Islamischen Republik Iran kurzfristig abgesagt werden, soll sie nun am 28. und 29. Juli im UN-Hauptquartier in New [&hellip;]<\/p>\n","protected":false},"author":1,"featured_media":0,"comment_status":"open","ping_status":"open","sticky":false,"template":"","format":"standard","meta":{"footnotes":""},"categories":[2],"tags":[11,38,117,145,148,157,192,374,399,424],"class_list":["post-9181","post","type-post","status-publish","format-standard","hentry","category-allgemein","tag-palaestina","tag-antisemitismus","tag-emmanuel-macron","tag-frankreich","tag-gaza","tag-hamas","tag-islamismus","tag-terrorismus","tag-vereinte-nationen","tag-zwei-staaten-loesung"],"_links":{"self":[{"href":"https:\/\/www.tw24.net\/index.php?rest_route=\/wp\/v2\/posts\/9181","targetHints":{"allow":["GET"]}}],"collection":[{"href":"https:\/\/www.tw24.net\/index.php?rest_route=\/wp\/v2\/posts"}],"about":[{"href":"https:\/\/www.tw24.net\/index.php?rest_route=\/wp\/v2\/types\/post"}],"author":[{"embeddable":true,"href":"https:\/\/www.tw24.net\/index.php?rest_route=\/wp\/v2\/users\/1"}],"replies":[{"embeddable":true,"href":"https:\/\/www.tw24.net\/index.php?rest_route=%2Fwp%2Fv2%2Fcomments&post=9181"}],"version-history":[{"count":1,"href":"https:\/\/www.tw24.net\/index.php?rest_route=\/wp\/v2\/posts\/9181\/revisions"}],"predecessor-version":[{"id":9182,"href":"https:\/\/www.tw24.net\/index.php?rest_route=\/wp\/v2\/posts\/9181\/revisions\/9182"}],"wp:attachment":[{"href":"https:\/\/www.tw24.net\/index.php?rest_route=%2Fwp%2Fv2%2Fmedia&parent=9181"}],"wp:term":[{"taxonomy":"category","embeddable":true,"href":"https:\/\/www.tw24.net\/index.php?rest_route=%2Fwp%2Fv2%2Fcategories&post=9181"},{"taxonomy":"post_tag","embeddable":true,"href":"https:\/\/www.tw24.net\/index.php?rest_route=%2Fwp%2Fv2%2Ftags&post=9181"}],"curies":[{"name":"wp","href":"https:\/\/api.w.org\/{rel}","templated":true}]}}