{"id":9202,"date":"2025-07-23T15:23:41","date_gmt":"2025-07-23T13:23:41","guid":{"rendered":"https:\/\/www.tw24.net\/?p=9202"},"modified":"2025-07-23T15:25:25","modified_gmt":"2025-07-23T13:25:25","slug":"antisemitische-internationale","status":"publish","type":"post","link":"https:\/\/www.tw24.net\/?p=9202","title":{"rendered":"Antisemitische Internationale"},"content":{"rendered":"<p>Antisemitische L\u00fcgen haben Hochkunjunktur. W\u00e4hrend UN-Generalsekret\u00e4r Ant\u00f3nio Guterres sich \u00fcber ein von Israel geschaffenes \u00bbHorror-Szenario\u00ab in Gaza <a href=\"https:\/\/www.dw.com\/en\/middle-east-updates-un-chief-calls-gaza-a-horror-show\/live-73362955#liveblog_post_73372912\">echauffiert<\/a> und UNRWA-Chef Philippe Lazzarini Verteilstellen der <i>Gaza Humanitarian Foundation (GHF)<\/i> f\u00fcr Hilfsg\u00fcter als \u00bbsadistische Todesfallen\u00ab <a href=\"https:\/\/x.com\/UNLazzarini\/status\/1947340417332064511\">schm\u00e4ht<\/a>, warten mindestens <a href=\"https:\/\/x.com\/LTC_Shoshani\/status\/1947700104833733102\">950<\/a> Lastkraftwagen mit humanit\u00e4ren G\u00fctern <i>in<\/i> Gaza offenbar vergeblich auf Anweisungen der Vereinten Nationen.<\/p>\n<p>Unter Berufung auf die L\u00fcgen dieser Vereinten Nationen <a href=\"https:\/\/www.gov.uk\/government\/news\/joint-statement-on-the-occupied-palestinian-territories\">verlangen<\/a> unterdessen 28 europ\u00e4ische und weiterer Staaten von Jerusalem die sofortige Einstellung seines milit\u00e4rischen Vorgehens gegen die Hamas in Gaza und machen sich damit auf besch\u00e4mende Weise zu Handlangern der islamistischen Terrororganisation, die Israel mit ihrem barbarischen \u00dcberfall am 7. Oktober 2023 diesen Krieg aufgezwungen hat.<\/p>\n<p>Die deutsche Regierung, die das verleumderische Pamphlet nicht unterzeichnet hat, <a href=\"https:\/\/www.zeit.de\/politik\/deutschland\/2025-07\/friedrich-merz-gaza-israel-krieg-appell\">betont<\/a> derweil, \u00bbaktiv\u00ab an dessen Gestaltung beteiligt gewesen zu sein und \u00bbbereits zuvor eine \u203apraktisch inhaltsgleiche\u2039 Position im Europ\u00e4ischen Rat vertreten\u00ab zu haben. Sie alle, ob als Unterzeichner oder als \u00bbVordenker\u00ab im Hintergrund, beweisen, da\u00df das Kalk\u00fcl der Hamas sowie ihrer Komplizen und Hinterm\u00e4nner aufgeht.<\/p>\n<p>Mit einseitigen Angriffen auf Israel und seinen Existenzkampf best\u00e4rken die offenen und heimlichen Unterst\u00fctzer der j\u00fcngsten <i>Gemeinsamen Erkl\u00e4rung<\/i> die Islamisten, legitimieren die Hamas und ihre \u00bbAl-Aksa-Flut\u00ab. Das ist nicht \u00bbnur\u00ab sch\u00e4big gegen\u00fcber Israel, sondern auch jenen \u00bbPal\u00e4stinensern\u00ab, die angeblich dabei sind Hungers zu sterben. Da\u00df vor diesem Hintergrund weiter gegen die <a href=\"https:\/\/ghf.org\/ghf-operational-update-tuesday-july-22-2025\/\">GHF<\/a> gehetzt wird, kr\u00f6nt die ganze erb\u00e4rmliche Verlogenheit.<\/p>\n","protected":false},"excerpt":{"rendered":"<p>Antisemitische L\u00fcgen haben Hochkunjunktur. W\u00e4hrend UN-Generalsekret\u00e4r Ant\u00f3nio Guterres sich \u00fcber ein von Israel geschaffenes \u00bbHorror-Szenario\u00ab in Gaza echauffiert und UNRWA-Chef Philippe Lazzarini Verteilstellen der Gaza Humanitarian Foundation (GHF) f\u00fcr Hilfsg\u00fcter als \u00bbsadistische Todesfallen\u00ab schm\u00e4ht, warten mindestens 950 Lastkraftwagen mit humanit\u00e4ren G\u00fctern in Gaza offenbar vergeblich auf Anweisungen der Vereinten Nationen. Unter Berufung auf die L\u00fcgen [&hellip;]<\/p>\n","protected":false},"author":1,"featured_media":0,"comment_status":"open","ping_status":"open","sticky":false,"template":"","format":"standard","meta":{"footnotes":""},"categories":[2],"tags":[38,40,68,102,112,120,124,148,1377,157,192,194,645,320,374,389,399],"class_list":["post-9202","post","type-post","status-publish","format-standard","hentry","category-allgemein","tag-antisemitismus","tag-antonio-guterres","tag-bigotterie","tag-deutschland","tag-double-standards","tag-eu","tag-europaeische-union","tag-gaza","tag-ghf","tag-hamas","tag-islamismus","tag-israel","tag-philippe-lazzarini","tag-propaganda","tag-terrorismus","tag-unrwa","tag-vereinte-nationen"],"_links":{"self":[{"href":"https:\/\/www.tw24.net\/index.php?rest_route=\/wp\/v2\/posts\/9202","targetHints":{"allow":["GET"]}}],"collection":[{"href":"https:\/\/www.tw24.net\/index.php?rest_route=\/wp\/v2\/posts"}],"about":[{"href":"https:\/\/www.tw24.net\/index.php?rest_route=\/wp\/v2\/types\/post"}],"author":[{"embeddable":true,"href":"https:\/\/www.tw24.net\/index.php?rest_route=\/wp\/v2\/users\/1"}],"replies":[{"embeddable":true,"href":"https:\/\/www.tw24.net\/index.php?rest_route=%2Fwp%2Fv2%2Fcomments&post=9202"}],"version-history":[{"count":3,"href":"https:\/\/www.tw24.net\/index.php?rest_route=\/wp\/v2\/posts\/9202\/revisions"}],"predecessor-version":[{"id":9205,"href":"https:\/\/www.tw24.net\/index.php?rest_route=\/wp\/v2\/posts\/9202\/revisions\/9205"}],"wp:attachment":[{"href":"https:\/\/www.tw24.net\/index.php?rest_route=%2Fwp%2Fv2%2Fmedia&parent=9202"}],"wp:term":[{"taxonomy":"category","embeddable":true,"href":"https:\/\/www.tw24.net\/index.php?rest_route=%2Fwp%2Fv2%2Fcategories&post=9202"},{"taxonomy":"post_tag","embeddable":true,"href":"https:\/\/www.tw24.net\/index.php?rest_route=%2Fwp%2Fv2%2Ftags&post=9202"}],"curies":[{"name":"wp","href":"https:\/\/api.w.org\/{rel}","templated":true}]}}