{"id":9218,"date":"2025-07-30T15:21:02","date_gmt":"2025-07-30T13:21:02","guid":{"rendered":"https:\/\/www.tw24.net\/?p=9218"},"modified":"2025-07-30T15:21:02","modified_gmt":"2025-07-30T13:21:02","slug":"demontage-einer-fiktion","status":"publish","type":"post","link":"https:\/\/www.tw24.net\/?p=9218","title":{"rendered":"Demontage einer Fiktion"},"content":{"rendered":"<p>Seiner Majest\u00e4t Premierminister, der Sozialdemokrat Keir Starmer, hat angek\u00fcndigt, das Vereinigte K\u00f6nigreich werde im September \u00bbPal\u00e4stina\u00ab als Staat anerkennen, sofern Jerusalem bis dahin nicht eine ganze Reihe von Forderungen Londons erf\u00fclle. Und daf\u00fcr geb\u00fchrt ihm ohne Frage allergr\u00f6\u00dfter Dank. Sein Junktim n\u00e4mlich und die Schlagzeilen, die er damit befeuerte, stellen seinen, vor allem aber den wahren Charakter \u00bbPal\u00e4stinas\u00ab blo\u00df.<\/p>\n<p><img loading=\"lazy\" decoding=\"async\" src=\"https:\/\/www.tw24.net\/wp-content\/uploads\/2025\/07\/dailymirror20250730p01.png\" alt=\"\" width=\"470\" height=\"302\" class=\"aligncenter size-full wp-image-9220\" srcset=\"https:\/\/www.tw24.net\/wp-content\/uploads\/2025\/07\/dailymirror20250730p01.png 470w, https:\/\/www.tw24.net\/wp-content\/uploads\/2025\/07\/dailymirror20250730p01-300x193.png 300w, https:\/\/www.tw24.net\/wp-content\/uploads\/2025\/07\/dailymirror20250730p01-280x180.png 280w\" sizes=\"auto, (max-width: 470px) 100vw, 470px\" \/><\/p>\n<p>Denn wenn etwa der <i>Daily Mirror<\/i> von einem \u00bbUltimatum\u00ab spricht und auf seiner Titelseite jubelt, das \u00bbK\u00f6nigreich\u00ab werde \u00bbPal\u00e4stina anerkennen, wenn Netanjahu das Blutbad nicht beendet\u00ab, oder die <i>Frankfurter Allgemeine<\/i> gesitteter <a href=\"https:\/\/www.faz.net\/aktuell\/politik\/krieg-in-nahost\/liveticker-naher-osten-arabische-laender-fordern-ein-ende-der-hamas-herrschaft-faz-19972506.html\">festh\u00e4lt<\/a>, \u00bbStarmer <i>droht<\/i> Israel mit Anerkennung Pal\u00e4stinas\u00ab, ist schnell klar, worum es London <i>nicht<\/i> geht: ein Staatswesen, das dazu da ist, den Interessen seiner \u00bbpal\u00e4stinensischen\u00ab Bev\u00f6lkerung bestm\u00f6glich zu dienen.<\/p>\n<p>Keir Starmers \u00bbPal\u00e4stina\u00ab ist eine Drohung, die sich gegen Israel richtet. Das \u00bbPal\u00e4stina\u00ab, das auch das Emmanuel Macrons ist, ist nicht da <i>f\u00fcr<\/i> die \u00bbPal\u00e4stinenser\u00ab, sondern richtet sich <i>gegen<\/i> j\u00fcdische nationale Solidarit\u00e4t, es soll eine Sanktion sein f\u00fcr Israel, eine Drohung, eine Bedrohung. Das, was als \u00bbZwei-Staaten-L\u00f6sung\u00ab propagiert und gleichgesetzt wird mit Frieden oder wenigstens Stabilit\u00e4t, hat der <i>Labour<\/i>-Chef damit auf dem Gewissen.<\/p>\n<p>Wer es nicht glaubt, frage sich, was aus Keir Starmers Ank\u00fcndigung wird, sollte <i>der<\/i> j\u00fcdische Staat sich seinen erpresserischen Forderungen beugen. Ist \u00bbPal\u00e4stina\u00ab dann kein Thema mehr, gerade dann also, wenn Waffen schweigen und das Preisniveau in Gaza wieder ein halbwegs normales sein sollte? Der britische Premier entlarvt \u00bbPal\u00e4stina\u00ab als das, was es ist: eine Illusion, deren Daseinszweck die Bedrohung des j\u00fcdischen Staates, der Krieg gegen Israel ist.<\/p>\n","protected":false},"excerpt":{"rendered":"<p>Seiner Majest\u00e4t Premierminister, der Sozialdemokrat Keir Starmer, hat angek\u00fcndigt, das Vereinigte K\u00f6nigreich werde im September \u00bbPal\u00e4stina\u00ab als Staat anerkennen, sofern Jerusalem bis dahin nicht eine ganze Reihe von Forderungen Londons erf\u00fclle. Und daf\u00fcr geb\u00fchrt ihm ohne Frage allergr\u00f6\u00dfter Dank. Sein Junktim n\u00e4mlich und die Schlagzeilen, die er damit befeuerte, stellen seinen, vor allem aber den [&hellip;]<\/p>\n","protected":false},"author":1,"featured_media":0,"comment_status":"open","ping_status":"open","sticky":false,"template":"","format":"standard","meta":{"footnotes":""},"categories":[2],"tags":[11,38,145,148,192,194,757,244,374,398],"class_list":["post-9218","post","type-post","status-publish","format-standard","hentry","category-allgemein","tag-palaestina","tag-antisemitismus","tag-frankreich","tag-gaza","tag-islamismus","tag-israel","tag-keir-starmer","tag-labour-party","tag-terrorismus","tag-vereinigtes-koenigreich"],"_links":{"self":[{"href":"https:\/\/www.tw24.net\/index.php?rest_route=\/wp\/v2\/posts\/9218","targetHints":{"allow":["GET"]}}],"collection":[{"href":"https:\/\/www.tw24.net\/index.php?rest_route=\/wp\/v2\/posts"}],"about":[{"href":"https:\/\/www.tw24.net\/index.php?rest_route=\/wp\/v2\/types\/post"}],"author":[{"embeddable":true,"href":"https:\/\/www.tw24.net\/index.php?rest_route=\/wp\/v2\/users\/1"}],"replies":[{"embeddable":true,"href":"https:\/\/www.tw24.net\/index.php?rest_route=%2Fwp%2Fv2%2Fcomments&post=9218"}],"version-history":[{"count":1,"href":"https:\/\/www.tw24.net\/index.php?rest_route=\/wp\/v2\/posts\/9218\/revisions"}],"predecessor-version":[{"id":9221,"href":"https:\/\/www.tw24.net\/index.php?rest_route=\/wp\/v2\/posts\/9218\/revisions\/9221"}],"wp:attachment":[{"href":"https:\/\/www.tw24.net\/index.php?rest_route=%2Fwp%2Fv2%2Fmedia&parent=9218"}],"wp:term":[{"taxonomy":"category","embeddable":true,"href":"https:\/\/www.tw24.net\/index.php?rest_route=%2Fwp%2Fv2%2Fcategories&post=9218"},{"taxonomy":"post_tag","embeddable":true,"href":"https:\/\/www.tw24.net\/index.php?rest_route=%2Fwp%2Fv2%2Ftags&post=9218"}],"curies":[{"name":"wp","href":"https:\/\/api.w.org\/{rel}","templated":true}]}}