{"id":9231,"date":"2025-08-05T11:03:53","date_gmt":"2025-08-05T09:03:53","guid":{"rendered":"https:\/\/www.tw24.net\/?p=9231"},"modified":"2025-08-05T11:03:53","modified_gmt":"2025-08-05T09:03:53","slug":"weichenstellungen-2","status":"publish","type":"post","link":"https:\/\/www.tw24.net\/?p=9231","title":{"rendered":"Weichenstellungen"},"content":{"rendered":"<p>Der israelische Premier Benjamin Netanjahu erw\u00e4gt offenbar eine l\u00e4ngerfristige milit\u00e4rische Besetzung Gazas. Wie es aus seinem Umfeld <a href=\"https:\/\/www.jpost.com\/israel-news\/article-863225\">hei\u00dft<\/a>, <a href=\"https:\/\/www.timesofisrael.com\/pm-said-seeking-decisive-military-victory-in-gaza-putting-hostage-families-on-edge\/\">denkt<\/a> der Regierungschef \u00fcber eine ganze Reihe von Ma\u00dfnahmen nach, um die die israelische Kontrolle in Gaza auszuweiten. Neben weiteren Lockerungen f\u00fcr die Einfuhr von Hilfsg\u00fctern und <a href=\"https:\/\/www.jpost.com\/israel-news\/article-863255\">kommerzielle<\/a> Lieferungen sollen dazu auch verst\u00e4rkte Anstrengungen z\u00e4hlen, die Herrschaft der Hamas in ganz Gaza zu beenden.<\/p>\n<p>Zugleich will der israelische Ministerpr\u00e4sident weiter \u00fcber einen <i>Deal<\/i> mit der islamistischen Terrororganisation \u00fcber eine Freilassung <i>aller<\/i> ihrer verbliebenen j\u00fcdischen Geiseln verhandeln. Wie gemeldet wird, sucht Benjamin Netanjahu in Beratungen mit seinem Sicherheitskabinett Unterst\u00fctzung f\u00fcr seine Vorstellungen, die besonders in der Armeef\u00fchrung auf heftige Kritik sto\u00dfen sollen, die das B\u00fcro des Premiers d\u00fcnnh\u00e4utig mit R\u00fccktrittsempfehlungen beantwortete.<\/p>\n<p>Was auch immer stimmen mag an den zahlreichen Meldungen, die auf Aussagen anonymer Quellen beruhen, Jerusalem bereitet sich wohl auf ein Ende des Krieges gegen die Hamas zu seinen Bedingungen und die Zeit danach vor. In wenigen Wochen j\u00e4hrt sich der barbarische \u00dcberfall der Hamas auf <i>den<\/i> j\u00fcdischen Staat zum zweiten Mal, und es gibt vermutlich nur sehr wenige Menschen, die es bedauern w\u00fcrden, w\u00e4ren die Islamisten bis dahin vernichtend geschlagen.<\/p>\n<p>Damit Gaza und seine Bev\u00f6lkerung danach nicht erneut in die H\u00e4nde von Terroristen fallen, scheint auch ein l\u00e4ngerfristiges israelisches milit\u00e4risches Engagement zumindest erw\u00e4genswert. Die bisher auf internationaler Ebene verhandelten Alternativen sind jedenfalls kaum \u00fcberzeugender. Die Vereinten Nationen haben sich durch ihre Rolle als St\u00fctze des Hamas-Regimes sp\u00e4testens seit 2005 und ihre versch\u00e4rften antiisraelischen Angriffe seit Oktober 2023 gr\u00fcndlich disqualifiziert.<\/p>\n<p>Die \u00bbPal\u00e4stinenserf\u00fchrung\u00ab um \u00bbPr\u00e4sident\u00ab Abu Mazen, die sich selbst als einzige legitime Vertreterin \u00bbpal\u00e4stinensischer\u00ab Interessen bezeichnet, d\u00fcrfte schon daran scheitern, da\u00df die allermeisten \u00bbPal\u00e4stinenser\u00ab ihr l\u00e4ngst die Gefolgschaft verweigern. Sie war es auch, die Gaza 2007 der putschenden Hamas \u00fcberlie\u00df. So ist, auch mangels anderer \u00fcberzeugender Vorschl\u00e4ge, ein l\u00e4ngeres israelisches Regime \u00fcber Gaza von den problematischen Optionen noch die g\u00fcnstigste.<\/p>\n","protected":false},"excerpt":{"rendered":"<p>Der israelische Premier Benjamin Netanjahu erw\u00e4gt offenbar eine l\u00e4ngerfristige milit\u00e4rische Besetzung Gazas. Wie es aus seinem Umfeld hei\u00dft, denkt der Regierungschef \u00fcber eine ganze Reihe von Ma\u00dfnahmen nach, um die die israelische Kontrolle in Gaza auszuweiten. Neben weiteren Lockerungen f\u00fcr die Einfuhr von Hilfsg\u00fctern und kommerzielle Lieferungen sollen dazu auch verst\u00e4rkte Anstrengungen z\u00e4hlen, die Herrschaft [&hellip;]<\/p>\n","protected":false},"author":1,"featured_media":0,"comment_status":"open","ping_status":"open","sticky":false,"template":"","format":"standard","meta":{"footnotes":""},"categories":[2],"tags":[38,63,148,157,192,194,374],"class_list":["post-9231","post","type-post","status-publish","format-standard","hentry","category-allgemein","tag-antisemitismus","tag-benjamin-netanjahu","tag-gaza","tag-hamas","tag-islamismus","tag-israel","tag-terrorismus"],"_links":{"self":[{"href":"https:\/\/www.tw24.net\/index.php?rest_route=\/wp\/v2\/posts\/9231","targetHints":{"allow":["GET"]}}],"collection":[{"href":"https:\/\/www.tw24.net\/index.php?rest_route=\/wp\/v2\/posts"}],"about":[{"href":"https:\/\/www.tw24.net\/index.php?rest_route=\/wp\/v2\/types\/post"}],"author":[{"embeddable":true,"href":"https:\/\/www.tw24.net\/index.php?rest_route=\/wp\/v2\/users\/1"}],"replies":[{"embeddable":true,"href":"https:\/\/www.tw24.net\/index.php?rest_route=%2Fwp%2Fv2%2Fcomments&post=9231"}],"version-history":[{"count":1,"href":"https:\/\/www.tw24.net\/index.php?rest_route=\/wp\/v2\/posts\/9231\/revisions"}],"predecessor-version":[{"id":9232,"href":"https:\/\/www.tw24.net\/index.php?rest_route=\/wp\/v2\/posts\/9231\/revisions\/9232"}],"wp:attachment":[{"href":"https:\/\/www.tw24.net\/index.php?rest_route=%2Fwp%2Fv2%2Fmedia&parent=9231"}],"wp:term":[{"taxonomy":"category","embeddable":true,"href":"https:\/\/www.tw24.net\/index.php?rest_route=%2Fwp%2Fv2%2Fcategories&post=9231"},{"taxonomy":"post_tag","embeddable":true,"href":"https:\/\/www.tw24.net\/index.php?rest_route=%2Fwp%2Fv2%2Ftags&post=9231"}],"curies":[{"name":"wp","href":"https:\/\/api.w.org\/{rel}","templated":true}]}}