{"id":9316,"date":"2025-09-10T14:45:35","date_gmt":"2025-09-10T12:45:35","guid":{"rendered":"https:\/\/www.tw24.net\/?p=9316"},"modified":"2025-09-10T14:45:35","modified_gmt":"2025-09-10T12:45:35","slug":"anbiederung","status":"publish","type":"post","link":"https:\/\/www.tw24.net\/?p=9316","title":{"rendered":"Anbiederung"},"content":{"rendered":"<p>Ursula von der Leyen, die aus Deutschland stammende Pr\u00e4sidentin der Europ\u00e4ischen Kommission, hat Sanktionen ihrer EU gegen Israel angek\u00fcndigt. In ihrer Rede zur Lage der Europ\u00e4ischen Union erkl\u00e4rte die christdemokratische Politikerin, Zahlungen zur \u00bbUnterst\u00fctzung\u00ab Israels auszusetzen, ohne freilich weitere Details auszuf\u00fchren. Zudem will die Kommissionspr\u00e4sidentin den EU-Mitgliedern weitere Sanktionen, darunter im Bereich des Handels, empfehlen.<\/p>\n<p>Angesichts immer offener vorgetragener antisemitischer Angriffe auf <i>den<\/i> j\u00fcdischen Staat durch einige Mitgliedsstaaten der Europ\u00e4ischen Union h\u00e4tte Ursula von der Leyen sich zu zivilisatorischen Grundwerten bekennen und sich hinter den Existenzkampf Israels gegen islamistischen Terrorismus stellen k\u00f6nnen und m\u00fcssen. Sie entschied sich jedoch dagegen und damit daf\u00fcr, der einzigen funktionierenden Demokratie im Nahen Osten in den R\u00fccken zu fallen.<\/p>\n<p>Mu\u00df sich das organisierte Europa vorwerfen lassen, durch seine gro\u00dfz\u00fcgige F\u00f6rderung \u00bbPal\u00e4stinas\u00ab durchaus auch zum Aufstieg der Hamas und zur Verbreitung ihrer Ideologie in Gaza beigetragen zu haben und so mitverantwortlich zu sein f\u00fcr das b\u00f6sartigste Massaker an Juden seit dem Ende des Zweiten Weltkriegs, sind Ursula von der Leyens Ank\u00fcndigungen gleichwohl eine folgerichtige Fortsetzung der bisherigen israelfeindlichen Politik der Europ\u00e4ischen Kommission.<\/p>\n<p>Wer wie die EU-Kommission wissentlich und willentlich die Verbreitung der Hamas-Ideologie an Schulen in Gaza ma\u00dfgeblich mitfinanziert, hat sich l\u00e4ngst gegen Israel und die Zivilisation und f\u00fcr die islamistische Barbarei entschieden: Schon kurz nach dem 7. Oktober 2023 <a href=\"https:\/\/www.politico.eu\/article\/eu-face-internal-showdown-stance-israel-hamas-war\/\">kassierte<\/a> Ursula von der Leyens gesch\u00e4tzter Stellvertreter Josep Borrell Fontelles eiligst eine <a href=\"https:\/\/x.com\/OliverVarhelyi\/status\/1711362070174708117\">Ank\u00fcndigung<\/a> des ungarischen Kommissars Oliver Varhelyi, Zahlungen an \u00bbPal\u00e4stinenser\u00ab auszusetzen.<\/p>\n<p>Daher liegt die Vermutung nahe, da\u00df Ursula von der Leyen nun lediglich noch einen Anla\u00df brauchte, zu verk\u00fcnden, was l\u00e4ngst beschlossen war. H\u00e4tte sie nach der Ausschaltung hochrangiger Hamas-Kader in Katar durch Israel ihr Entsetzen dar\u00fcber \u00e4u\u00dfern k\u00f6nnen, da\u00df sich bekannte Terroristen \u00fcberhaupt in dem Emirat unbehelligt aufhalten d\u00fcrfen und gesch\u00fctzt, statt verfolgt und bestraft zu werden, biedert ihr EUropa sich bei den Feinden Israels an.<\/p>\n","protected":false},"excerpt":{"rendered":"<p>Ursula von der Leyen, die aus Deutschland stammende Pr\u00e4sidentin der Europ\u00e4ischen Kommission, hat Sanktionen ihrer EU gegen Israel angek\u00fcndigt. In ihrer Rede zur Lage der Europ\u00e4ischen Union erkl\u00e4rte die christdemokratische Politikerin, Zahlungen zur \u00bbUnterst\u00fctzung\u00ab Israels auszusetzen, ohne freilich weitere Details auszuf\u00fchren. Zudem will die Kommissionspr\u00e4sidentin den EU-Mitgliedern weitere Sanktionen, darunter im Bereich des Handels, empfehlen. [&hellip;]<\/p>\n","protected":false},"author":1,"featured_media":0,"comment_status":"open","ping_status":"open","sticky":false,"template":"","format":"standard","meta":{"footnotes":""},"categories":[2],"tags":[38,68,79,112,120,123,124,641,148,157,192,194,224,374,507],"class_list":["post-9316","post","type-post","status-publish","format-standard","hentry","category-allgemein","tag-antisemitismus","tag-bigotterie","tag-cdu","tag-double-standards","tag-eu","tag-europaeische-kommission","tag-europaeische-union","tag-evp","tag-gaza","tag-hamas","tag-islamismus","tag-israel","tag-katar","tag-terrorismus","tag-ursula-von-der-leyen"],"_links":{"self":[{"href":"https:\/\/www.tw24.net\/index.php?rest_route=\/wp\/v2\/posts\/9316","targetHints":{"allow":["GET"]}}],"collection":[{"href":"https:\/\/www.tw24.net\/index.php?rest_route=\/wp\/v2\/posts"}],"about":[{"href":"https:\/\/www.tw24.net\/index.php?rest_route=\/wp\/v2\/types\/post"}],"author":[{"embeddable":true,"href":"https:\/\/www.tw24.net\/index.php?rest_route=\/wp\/v2\/users\/1"}],"replies":[{"embeddable":true,"href":"https:\/\/www.tw24.net\/index.php?rest_route=%2Fwp%2Fv2%2Fcomments&post=9316"}],"version-history":[{"count":1,"href":"https:\/\/www.tw24.net\/index.php?rest_route=\/wp\/v2\/posts\/9316\/revisions"}],"predecessor-version":[{"id":9317,"href":"https:\/\/www.tw24.net\/index.php?rest_route=\/wp\/v2\/posts\/9316\/revisions\/9317"}],"wp:attachment":[{"href":"https:\/\/www.tw24.net\/index.php?rest_route=%2Fwp%2Fv2%2Fmedia&parent=9316"}],"wp:term":[{"taxonomy":"category","embeddable":true,"href":"https:\/\/www.tw24.net\/index.php?rest_route=%2Fwp%2Fv2%2Fcategories&post=9316"},{"taxonomy":"post_tag","embeddable":true,"href":"https:\/\/www.tw24.net\/index.php?rest_route=%2Fwp%2Fv2%2Ftags&post=9316"}],"curies":[{"name":"wp","href":"https:\/\/api.w.org\/{rel}","templated":true}]}}