{"id":9329,"date":"2025-09-16T11:04:18","date_gmt":"2025-09-16T09:04:18","guid":{"rendered":"https:\/\/www.tw24.net\/?p=9329"},"modified":"2025-09-16T11:04:18","modified_gmt":"2025-09-16T09:04:18","slug":"europaeisches-delirium","status":"publish","type":"post","link":"https:\/\/www.tw24.net\/?p=9329","title":{"rendered":"Europ\u00e4isches Delirium"},"content":{"rendered":"<p>Der spanische Staatssender RTVE hat den Ausschlu\u00df Israels vom Eurovision Song Contest (ESC) <a href=\"https:\/\/www.rtve.es\/noticias\/20250915\/rtve-decidira-este-martes-si-se-retira-eurovision-caso-participe-israel\/16729754.shtml\">gefordert<\/a>. Wenn am Dienstag das F\u00fchrungsgremium des gr\u00f6\u00dften spanischen Rundfunkanstalt zusammentrifft, wird es dabei auch \u00fcber die Teilnahme des Landes an der 70. Auflage des Wettbewerbs entscheiden. Wird Israel zum ESC 2026 in Wien zugelassen, soll Spanien den Wettbewerb nach Wunsch des regierungsnahen RTVE boykottieren.<\/p>\n<p>Der spanische Minister f\u00fcr Kultur Ernest Urtasun hat die Drohung seines Landes am Montag noch einmal bekr\u00e4ftigt und damit deutlich gemacht, da\u00df die Entscheidung des \u00bbRundfunkrats\u00ab lediglich eine Formsache ist. Die Sender des RTVE sind Verlautbarungsorgane der Regierung in Madrid, und an deren Spitze steht mit Pedro S\u00e1nchez ein Ministerpr\u00e4sident, der \u00f6ffentlich davon <a href=\"https:\/\/www.euronews.com\/my-europe\/2025\/09\/10\/did-pedro-sanchez-regret-not-having-nuclear-bombs-to-stop-the-war-in-gaza\">tr\u00e4umt<\/a>, Atombomben \u00fcber dem j\u00fcdischen Staat detonieren zu lassen.<\/p>\n<p>Spanien ist nicht allein mit seiner Boykott-Drohung. Irland, Slowenien, Island und die Niederlande haben ebenfalls angek\u00fcndigt, ihre Teilnahme an dem Musikwettbewerb abzusagen, sollte Israel nicht ausgeladen werden. Auch zahlreiche K\u00fcnstler, darunter die Gewinner der beiden letzten Wettbewerbe hatten sich immer wieder gegen eine Teilnahme Israels ausgesprochen. Und sie alle eint ihr Antisemitismus. Denn um nichts anderes geht es.<\/p>\n<p>Die Idee n\u00e4mlich, einzelne K\u00fcnstler verantwortlich zu machen f\u00fcr Entscheidungen der Regierung in Jerusalem, sie f\u00fcr deren Folgen in Haftung zu nehmen, ist antisemitisch: Das <i>Flanders Festival<\/i> im belgischen Gent schaffte es so, die von Lahav Shani dirigierten M\u00fcnchner Philharmoniker auszuladen, weil der sich \u00bbnicht gen\u00fcgend\u00ab von der israelischen Regierung \u00bbdistanziert\u00ab habe, einen K\u00fcnstler, der auch dem <a href=\"https:\/\/west-eastern-divan.org\/\">West-Eastern Divan Orchestra<\/a> den Takt vorgab.<\/p>\n<p>Und wenn diesen Gestalten, die heute einen angeblichen \u00bbV\u00f6lkermord\u00ab in Gaza beklagen, so gar nichts einfiel zum Massaker der Hamas, unter deren Herrschaft manche von ihnen wohl kaum \u00dcberlebenschancen h\u00e4tten, zu so systematischen wie bestialischen Vergewaltigungen, zu barbarischen Morden an j\u00fcdischen Babies und Kindern oder selbst den tagt\u00e4glichen Verbrechen der Islamisten an \u00bbPal\u00e4stinensern\u00ab, dann entlarvt sie das und ihren Wahn.<\/p>\n","protected":false},"excerpt":{"rendered":"<p>Der spanische Staatssender RTVE hat den Ausschlu\u00df Israels vom Eurovision Song Contest (ESC) gefordert. Wenn am Dienstag das F\u00fchrungsgremium des gr\u00f6\u00dften spanischen Rundfunkanstalt zusammentrifft, wird es dabei auch \u00fcber die Teilnahme des Landes an der 70. Auflage des Wettbewerbs entscheiden. Wird Israel zum ESC 2026 in Wien zugelassen, soll Spanien den Wettbewerb nach Wunsch des [&hellip;]<\/p>\n","protected":false},"author":1,"featured_media":0,"comment_status":"open","ping_status":"open","sticky":false,"template":"","format":"standard","meta":{"footnotes":""},"categories":[2],"tags":[38,62,119,121,186,192,289,1184,1422,506,360],"class_list":["post-9329","post","type-post","status-publish","format-standard","hentry","category-allgemein","tag-antisemitismus","tag-belgien","tag-esc","tag-europa","tag-irland","tag-islamismus","tag-niederlande","tag-pedro-sanchez","tag-rtve","tag-slowenien","tag-spanien"],"_links":{"self":[{"href":"https:\/\/www.tw24.net\/index.php?rest_route=\/wp\/v2\/posts\/9329","targetHints":{"allow":["GET"]}}],"collection":[{"href":"https:\/\/www.tw24.net\/index.php?rest_route=\/wp\/v2\/posts"}],"about":[{"href":"https:\/\/www.tw24.net\/index.php?rest_route=\/wp\/v2\/types\/post"}],"author":[{"embeddable":true,"href":"https:\/\/www.tw24.net\/index.php?rest_route=\/wp\/v2\/users\/1"}],"replies":[{"embeddable":true,"href":"https:\/\/www.tw24.net\/index.php?rest_route=%2Fwp%2Fv2%2Fcomments&post=9329"}],"version-history":[{"count":1,"href":"https:\/\/www.tw24.net\/index.php?rest_route=\/wp\/v2\/posts\/9329\/revisions"}],"predecessor-version":[{"id":9330,"href":"https:\/\/www.tw24.net\/index.php?rest_route=\/wp\/v2\/posts\/9329\/revisions\/9330"}],"wp:attachment":[{"href":"https:\/\/www.tw24.net\/index.php?rest_route=%2Fwp%2Fv2%2Fmedia&parent=9329"}],"wp:term":[{"taxonomy":"category","embeddable":true,"href":"https:\/\/www.tw24.net\/index.php?rest_route=%2Fwp%2Fv2%2Fcategories&post=9329"},{"taxonomy":"post_tag","embeddable":true,"href":"https:\/\/www.tw24.net\/index.php?rest_route=%2Fwp%2Fv2%2Ftags&post=9329"}],"curies":[{"name":"wp","href":"https:\/\/api.w.org\/{rel}","templated":true}]}}