{"id":9335,"date":"2025-09-20T12:37:59","date_gmt":"2025-09-20T10:37:59","guid":{"rendered":"https:\/\/www.tw24.net\/?p=9335"},"modified":"2025-09-20T12:37:59","modified_gmt":"2025-09-20T10:37:59","slug":"brandbeschleuniger-7","status":"publish","type":"post","link":"https:\/\/www.tw24.net\/?p=9335","title":{"rendered":"Brandbeschleuniger"},"content":{"rendered":"<p>Vor wenigen Tagen j\u00e4hrte sich der Abzug Israels aus Gaza zum zwanzigsten Mal. Am 12. September 2005 verlie\u00df der letzte israelische Soldat das Gebiet, nachdem dort in den Wochen davor alle j\u00fcdischen Gemeinden &#8211; teils gewaltsam &#8211; ger\u00e4umt worden waren. Jerusalem folgte damit der <a href=\"https:\/\/docs.un.org\/S\/Res\/242(1967)\">Resolution 242<\/a> des Sicherheitsrats der Vereinten Nationen, die Frieden und Anerkennung im Gegenzug f\u00fcr die Aufgabe \u00bbbesetzter Gebiete\u00ab verhie\u00df.<\/p>\n<p>\u00bbLand f\u00fcr Frieden\u00ab, die \u00bbZauberformel\u00ab jener Tage, erwies sich mit Blick auf den \u00bbpal\u00e4stinensisch\u00ab-israelischen Konflikt als leeres Versprechen. War es <i>der<\/i> j\u00fcdische Staat gewesen, der mit ihm zu Zugest\u00e4ndnissen gedr\u00e4ngt wurde, fragte seither niemand die \u00bbPal\u00e4stinenser\u00ab danach, wann sie denn ihren Teil der Verabredung erf\u00fcllen w\u00fcrden. Die Welt schaute nicht nur zu, wie die Hamas Gaza \u00fcbernahm, sie unterst\u00fctzte sie insbesondere mit ihrer UNRWA dabei.<\/p>\n<p>Inzwischen kennt die internationale Schamlosigkeit kaum mehr Grenzen. Obwohl gar nicht zu leugnen ist, da\u00df es die Hamas und deren Komplizen waren, die am 7. Oktober 2023 Israel auf bestialische Weise den Vernichtungskrieg erkl\u00e4rten und sie sich nach wie vor vehement weigern, ihn zu beenden, wird <i>der<\/i> j\u00fcdische Staat pausenlos mit Dreck beworfen, wird er ins Unrecht gesetzt und delegitimiert, werden Juden weltweit stigmatisiert und verfolgt.<\/p>\n<p>Hat \u00bbLand f\u00fcr Frieden\u00ab sich als grandioser Reinfall erwiesen, erlebt die Formel in diesen Tagen dennoch eine Art Wiederbelebung: Zahlreiche Staaten vor allem europ\u00e4ischer Provenienz glauben, eine Anerkennung \u00bbPal\u00e4stinas\u00ab als Staat durch sie k\u00f6nne Frieden bringen. An Jerusalem vorbei will nun <a href=\"https:\/\/www.zeit.de\/politik\/ausland\/2025-09\/portugal-anerkennung-staat-palaestina-un\">Portugal<\/a> schon am Sonntag den Schritt gehen, viele weitere Staaten, darunter Frankreich und das Vereinigte K\u00f6nigreich, wollen in den n\u00e4chsten Tagen folgen.<\/p>\n<p>Auch Andorra, Australien, Belgien, Kanada, Luxemburg, Malta und San Marino haben verk\u00fcndet, sie wollten dadurch eine \u00bbZwei-Staaten-L\u00f6sung\u00ab bef\u00f6rdern, indem sie, wie es das mit der Hamas offen solidarische Regime in Teheran <a href=\"https:\/\/www.tehrantimes.com\/news\/499194\/The-fruit-of-resistance-Towards-a-Palestinian-state\">ausdr\u00fcckt<\/a>, \u00bbzeigen, da\u00df die Pal\u00e4stinenser ihre Ziele nicht durch Verhandlungen mit dem Apartheid-Regime oder Zugest\u00e4ndnisse erreichen k\u00f6nnen\u00ab. Die selbsterkl\u00e4rten \u00bbFriedensstifter\u00ab beschw\u00f6ren weiteren \u00bbWiderstand\u00ab herauf.<\/p>\n","protected":false},"excerpt":{"rendered":"<p>Vor wenigen Tagen j\u00e4hrte sich der Abzug Israels aus Gaza zum zwanzigsten Mal. Am 12. September 2005 verlie\u00df der letzte israelische Soldat das Gebiet, nachdem dort in den Wochen davor alle j\u00fcdischen Gemeinden &#8211; teils gewaltsam &#8211; ger\u00e4umt worden waren. Jerusalem folgte damit der Resolution 242 des Sicherheitsrats der Vereinten Nationen, die Frieden und Anerkennung [&hellip;]<\/p>\n","protected":false},"author":1,"featured_media":0,"comment_status":"open","ping_status":"open","sticky":false,"template":"","format":"standard","meta":{"footnotes":""},"categories":[2],"tags":[11,38,48,62,121,145,157,192,194,221,374,1024,398,399],"class_list":["post-9335","post","type-post","status-publish","format-standard","hentry","category-allgemein","tag-palaestina","tag-antisemitismus","tag-australien","tag-belgien","tag-europa","tag-frankreich","tag-hamas","tag-islamismus","tag-israel","tag-kanada","tag-terrorismus","tag-unga","tag-vereinigtes-koenigreich","tag-vereinte-nationen"],"_links":{"self":[{"href":"https:\/\/www.tw24.net\/index.php?rest_route=\/wp\/v2\/posts\/9335","targetHints":{"allow":["GET"]}}],"collection":[{"href":"https:\/\/www.tw24.net\/index.php?rest_route=\/wp\/v2\/posts"}],"about":[{"href":"https:\/\/www.tw24.net\/index.php?rest_route=\/wp\/v2\/types\/post"}],"author":[{"embeddable":true,"href":"https:\/\/www.tw24.net\/index.php?rest_route=\/wp\/v2\/users\/1"}],"replies":[{"embeddable":true,"href":"https:\/\/www.tw24.net\/index.php?rest_route=%2Fwp%2Fv2%2Fcomments&post=9335"}],"version-history":[{"count":1,"href":"https:\/\/www.tw24.net\/index.php?rest_route=\/wp\/v2\/posts\/9335\/revisions"}],"predecessor-version":[{"id":9336,"href":"https:\/\/www.tw24.net\/index.php?rest_route=\/wp\/v2\/posts\/9335\/revisions\/9336"}],"wp:attachment":[{"href":"https:\/\/www.tw24.net\/index.php?rest_route=%2Fwp%2Fv2%2Fmedia&parent=9335"}],"wp:term":[{"taxonomy":"category","embeddable":true,"href":"https:\/\/www.tw24.net\/index.php?rest_route=%2Fwp%2Fv2%2Fcategories&post=9335"},{"taxonomy":"post_tag","embeddable":true,"href":"https:\/\/www.tw24.net\/index.php?rest_route=%2Fwp%2Fv2%2Ftags&post=9335"}],"curies":[{"name":"wp","href":"https:\/\/api.w.org\/{rel}","templated":true}]}}