{"id":9342,"date":"2025-09-22T14:15:32","date_gmt":"2025-09-22T12:15:32","guid":{"rendered":"https:\/\/www.tw24.net\/?p=9342"},"modified":"2025-09-22T15:20:13","modified_gmt":"2025-09-22T13:20:13","slug":"kriegstreiber-4","status":"publish","type":"post","link":"https:\/\/www.tw24.net\/?p=9342","title":{"rendered":"Kriegstreiber"},"content":{"rendered":"<p>Wer wissen will, weshalb es falsch ist, an der am Montag in New York unter dem Dach der Vereinten Nationen stattfindenden Konferenz zur \u00bbPal\u00e4stina-Frage\u00ab auch blo\u00df teilzunehmen, schaue sich den <a href=\"https:\/\/news.un.org\/en\/story\/2025\/09\/1165900\">Text<\/a> an, den die Propaganda-Abteilung der Weltorganisation zu dem von Frankreich und Saudi-Barbarien einberufenen Treffen verfa\u00dft hat. Zwar wird darin die Hamas erw\u00e4hnt, nicht jedoch, was sie und ihre Komplizen am 7. Oktober 2023 lostraten.<\/p>\n<p>Das b\u00f6sartigste Massaker an Juden seit dem Ende des Zweiten Weltkriegs, das eines der wohl am besten dokumentierten antisemitischen Verbrechen der Jahrzehnte seither ist, findet darin keine Erw\u00e4hnung. Daf\u00fcr jedoch werden <i>der<\/i> j\u00fcdische Staat und dessen legitime Antworten darauf von den \u00bbintensivierten Milit\u00e4roperationen [sic!]\u00ab \u00fcber eine angebliche \u00bbHungersnot\u00ab bis hin zur Ausschaltung von Hamas-Terroristen in Katar als \u00bbVerbrechen\u00ab angeprangert.<\/p>\n<p>Wer in diesem Umfeld, das von antiisraelischer Einseitigkeit und schamloser Verzerrung der Realit\u00e4t gepr\u00e4gt ist, sogar daran denkt, \u00bbPal\u00e4stina\u00ab als \u00bbStaat\u00ab anzuerkennen, mag damit vieles anstreben, ganz sicher aber nicht etwas, das auch nur entfernt einem Frieden \u00e4hneln k\u00f6nnte. Denn eine erfolgreiche \u00bbZwei-Staaten-L\u00f6sung\u00ab, so es sie \u00fcberhaupt geben sollte, setzte Vertrauen Israels in die Friedfertigkeit der \u00bbPal\u00e4stinenser\u00ab voraus, aber auch in die Staatengemeinschaft.<\/p>\n<p>Daran, da\u00df es f\u00fcr beides keinerlei Anla\u00df gibt, liefern Vereinte Nationen wie \u00bbPal\u00e4stinenser\u00ab sp\u00e4testens seit dem 7. Oktober 2023 tagt\u00e4glich neue Gr\u00fcnde. Von Neutralit\u00e4t oder Objektivit\u00e4t gegen\u00fcber Israel kann bei den Vereinten Nationen schon lange keine Rede mehr sein, ihre Pressemitteilung zu der Konferenz in New York belegt das einmal mehr, die offene Begeisterung einer Mehrheit der \u00bbPal\u00e4stinenser\u00ab f\u00fcr die bestialischen Verbrechen der Hamas ist unverzeihlich.<\/p>\n<p>Statt jedenfalls zu versuchen, neues Vertrauen in sich zu stiften, demonstrieren die Vereinten Nationen mit ihrer Einseitigkeit f\u00fcr die \u00bbPal\u00e4stinenser\u00ab ihre ganze Verkommenheit. Und so durch die Weltorganisation best\u00e4rkt, denken die auch gar nicht daran, ihrerseits um israelisches Vertrauen zu werben. Daran wird die Konferenz zur \u00bbPal\u00e4stina-Frage\u00ab nichts \u00e4ndern, ganz im Gegenteil. Deshalb ist auch Johann Wadephuls Teilnahme an ihr nicht zu rechtfertigen.<\/p>\n<p>Sollte der Regierung, der er als Au\u00dfenminister angeh\u00f6rt, tats\u00e4chlich an einer \u00bbzu verhandelnde[n] Zweistaatenl\u00f6sung\u00ab gelegen sein, wie es im <a href=\"https:\/\/www.koalitionsvertrag2025.de\/\">Koalitionsvertrag<\/a> der sie tragenden Parteien hei\u00dft, beteiligte er sich nicht an einer Konferenz, von der doch das Signal ausgeht, da\u00df Verhandlungen und damit der Aufbau gegenseitigen Vertrauens verzichtbar sind und die daher doch \u00bbnur\u00ab dem weltweiten Antisemitismus neuen Auftrieb verleihen wird.<\/p>\n<p>Wer wirklich erwartet, Israel k\u00f6nne sich mit der Idee an ein \u00bbPal\u00e4stina\u00ab anfreunden, w\u00e4hrend auf \u00bbdessen\u00ab Territorium noch immer Juden als Geiseln gehalten, gedem\u00fctigt und gefoltert werden, wenn sie nicht bereit grausam massakriert wurden, ist ein Kriegstreiber. Denn eine \u00fcberzeugendere Werbung daf\u00fcr, sich f\u00fcr immer von dem Gedanken an eine \u00bbZwei-Staaten-L\u00f6sung\u00ab zu verabschieden, scheint derzeit wohl kaum m\u00f6glich.<\/p>\n","protected":false},"excerpt":{"rendered":"<p>Wer wissen will, weshalb es falsch ist, an der am Montag in New York unter dem Dach der Vereinten Nationen stattfindenden Konferenz zur \u00bbPal\u00e4stina-Frage\u00ab auch blo\u00df teilzunehmen, schaue sich den Text an, den die Propaganda-Abteilung der Weltorganisation zu dem von Frankreich und Saudi-Barbarien einberufenen Treffen verfa\u00dft hat. Zwar wird darin die Hamas erw\u00e4hnt, nicht jedoch, [&hellip;]<\/p>\n","protected":false},"author":1,"featured_media":0,"comment_status":"open","ping_status":"open","sticky":false,"template":"","format":"standard","meta":{"footnotes":""},"categories":[2],"tags":[11,38,68,102,112,130,145,148,157,192,313,349,374,399,424],"class_list":["post-9342","post","type-post","status-publish","format-standard","hentry","category-allgemein","tag-palaestina","tag-antisemitismus","tag-bigotterie","tag-deutschland","tag-double-standards","tag-fatah","tag-frankreich","tag-gaza","tag-hamas","tag-islamismus","tag-plo","tag-saudi-barbarien","tag-terrorismus","tag-vereinte-nationen","tag-zwei-staaten-loesung"],"_links":{"self":[{"href":"https:\/\/www.tw24.net\/index.php?rest_route=\/wp\/v2\/posts\/9342","targetHints":{"allow":["GET"]}}],"collection":[{"href":"https:\/\/www.tw24.net\/index.php?rest_route=\/wp\/v2\/posts"}],"about":[{"href":"https:\/\/www.tw24.net\/index.php?rest_route=\/wp\/v2\/types\/post"}],"author":[{"embeddable":true,"href":"https:\/\/www.tw24.net\/index.php?rest_route=\/wp\/v2\/users\/1"}],"replies":[{"embeddable":true,"href":"https:\/\/www.tw24.net\/index.php?rest_route=%2Fwp%2Fv2%2Fcomments&post=9342"}],"version-history":[{"count":2,"href":"https:\/\/www.tw24.net\/index.php?rest_route=\/wp\/v2\/posts\/9342\/revisions"}],"predecessor-version":[{"id":9344,"href":"https:\/\/www.tw24.net\/index.php?rest_route=\/wp\/v2\/posts\/9342\/revisions\/9344"}],"wp:attachment":[{"href":"https:\/\/www.tw24.net\/index.php?rest_route=%2Fwp%2Fv2%2Fmedia&parent=9342"}],"wp:term":[{"taxonomy":"category","embeddable":true,"href":"https:\/\/www.tw24.net\/index.php?rest_route=%2Fwp%2Fv2%2Fcategories&post=9342"},{"taxonomy":"post_tag","embeddable":true,"href":"https:\/\/www.tw24.net\/index.php?rest_route=%2Fwp%2Fv2%2Ftags&post=9342"}],"curies":[{"name":"wp","href":"https:\/\/api.w.org\/{rel}","templated":true}]}}