{"id":9356,"date":"2025-09-28T14:27:11","date_gmt":"2025-09-28T12:27:11","guid":{"rendered":"https:\/\/www.tw24.net\/?p=9356"},"modified":"2025-09-28T14:27:11","modified_gmt":"2025-09-28T12:27:11","slug":"verrat-des-sports","status":"publish","type":"post","link":"https:\/\/www.tw24.net\/?p=9356","title":{"rendered":"Verrat des Sports"},"content":{"rendered":"<p>Wies der Internationale Radsportverband (UCI) noch am Freitag Boykottaufrufe gegen das Team Israel-Premier Tech mit der Begr\u00fcndung <a href=\"https:\/\/www.timesofisrael.com\/cycling-union-head-rejects-calls-to-ban-israel-premier-tech-from-races\/\">zur\u00fcck<\/a>, Sport d\u00fcrfe \u00bbkein Instrument f\u00fcr Sanktionen sein\u00ab, sondern stehe \u00bbim Dienste eines Ideals, n\u00e4mlich Menschen zusammenzubringen, um den Frieden zu f\u00f6rdern\u00ab, <a href=\"https:\/\/www.spiegel.de\/sport\/radsport\/radsport-israel-premier-tech-darf-bei-giro-dellemilia-nicht-starten-a-0ed70689-941c-456c-9ce4-4b55141bb95e\">suspendierten<\/a> die Veranstalter des f\u00fcr den 4. Oktober geplanten Giro dell\u2019Emilia in Italien die israelischen Radfahrer &#8211; aus \u00bbSicherheitsgr\u00fcnden\u00ab.<\/p>\n<p>\u00bbWir mussten diese Entscheidung aus Gr\u00fcnden der \u00f6ffentlichen Sicherheit treffen\u00ab, wird Adriano Amici zitiert, der Pr\u00e4sident des GS Emilia, der das Radrennen veranstaltet. Angesichts eines \u00bbsehr angespannten Klimas\u00ab gebe es \u00bbzu viele Gefahren f\u00fcr die Fahrer des Teams sowie f\u00fcr die anderen Fahrer\u00ab. <a href=\"https:\/\/de.euronews.com\/my-europe\/2025\/09\/18\/sanchez-palastina-proteste-vuelta-angestiftet\">Angefeuert<\/a> vom spanischen Premier Pedro S\u00e1nchez hatten j\u00fcngst antisemitische Schl\u00e4ger den Abbruch des Radrennens Vuelta a Espa\u00f1a erzwungen.<\/p>\n<p>Mit dem Ausschlu\u00df des Team Israel-Premier Tech kapituliert der Giro dell\u2019Emilia vor einem antisemitischen Mob, der auch in Italien mit Gewalt droht, und macht sich zugleich mit ihm gemein. Die Ursache des \u00bbangespannten Klimas\u00ab sind n\u00e4mlich nicht die ausgeschlossenen Sportler, sondern gewaltbereite Extremisten, die im \u00fcbrigen \u00bbpropal\u00e4stinensisch\u00ab zu nennen, wom\u00f6glich eine ziemlich rassistische Abwertung aller \u00bbPal\u00e4stinenser\u00ab darstellte.<\/p>\n<p>Doch obgleich es nicht die israelischen Sportler sind, von denen die Gefahr ausgeht, werden sie ausgeschlossen. Das ist nicht blo\u00df unfair, es macht die Opfer zu T\u00e4tern. Statt sich hinter die Sportler zu stellen, grenzen die Veranstalter des Giro dell\u2019Emilia sie mit ihrer fadenscheinigen Begr\u00fcndung aus. Statt die Drohungen des antisemitischen Mobs als Angriff auf alle Sportler zu verurteilen und entsprechend zu beantworten, machen sie sich zu dessen Vollstreckern.<\/p>\n<p>Wer aber nicht in der Lage ist, die Sicherheit einer Mannschaft bei einem Wettkampf zu gew\u00e4hrleisten, dem sollte auch nicht die Sicherheit aller (anderen) Sportler und der weiteren Beteiligten anvertraut werden. Das Problem sind nicht israelische Sportler, sondern der gewaltt\u00e4tige Judenha\u00df von Sympathisanten islamistischer Babyschl\u00e4chter und Vergewaltiger und das feige Einknicken vor ihm und ihnen, durch das sie sich best\u00e4tigt und best\u00e4rkt f\u00fchlen.<\/p>\n","protected":false},"excerpt":{"rendered":"<p>Wies der Internationale Radsportverband (UCI) noch am Freitag Boykottaufrufe gegen das Team Israel-Premier Tech mit der Begr\u00fcndung zur\u00fcck, Sport d\u00fcrfe \u00bbkein Instrument f\u00fcr Sanktionen sein\u00ab, sondern stehe \u00bbim Dienste eines Ideals, n\u00e4mlich Menschen zusammenzubringen, um den Frieden zu f\u00f6rdern\u00ab, suspendierten die Veranstalter des f\u00fcr den 4. Oktober geplanten Giro dell\u2019Emilia in Italien die israelischen Radfahrer [&hellip;]<\/p>\n","protected":false},"author":1,"featured_media":0,"comment_status":"open","ping_status":"open","sticky":false,"template":"","format":"standard","meta":{"footnotes":""},"categories":[2],"tags":[1424,38,148,1426,1425,157,192,194,197,1184,360,1428,374,1427],"class_list":["post-9356","post","type-post","status-publish","format-standard","hentry","category-allgemein","tag-adriano-amici","tag-antisemitismus","tag-gaza","tag-giro-dellemilia","tag-gs-emilia","tag-hamas","tag-islamismus","tag-israel","tag-italien","tag-pedro-sanchez","tag-spanien","tag-team-israel-premier-tech","tag-terrorismus","tag-vuelta-a-espana"],"_links":{"self":[{"href":"https:\/\/www.tw24.net\/index.php?rest_route=\/wp\/v2\/posts\/9356","targetHints":{"allow":["GET"]}}],"collection":[{"href":"https:\/\/www.tw24.net\/index.php?rest_route=\/wp\/v2\/posts"}],"about":[{"href":"https:\/\/www.tw24.net\/index.php?rest_route=\/wp\/v2\/types\/post"}],"author":[{"embeddable":true,"href":"https:\/\/www.tw24.net\/index.php?rest_route=\/wp\/v2\/users\/1"}],"replies":[{"embeddable":true,"href":"https:\/\/www.tw24.net\/index.php?rest_route=%2Fwp%2Fv2%2Fcomments&post=9356"}],"version-history":[{"count":1,"href":"https:\/\/www.tw24.net\/index.php?rest_route=\/wp\/v2\/posts\/9356\/revisions"}],"predecessor-version":[{"id":9357,"href":"https:\/\/www.tw24.net\/index.php?rest_route=\/wp\/v2\/posts\/9356\/revisions\/9357"}],"wp:attachment":[{"href":"https:\/\/www.tw24.net\/index.php?rest_route=%2Fwp%2Fv2%2Fmedia&parent=9356"}],"wp:term":[{"taxonomy":"category","embeddable":true,"href":"https:\/\/www.tw24.net\/index.php?rest_route=%2Fwp%2Fv2%2Fcategories&post=9356"},{"taxonomy":"post_tag","embeddable":true,"href":"https:\/\/www.tw24.net\/index.php?rest_route=%2Fwp%2Fv2%2Ftags&post=9356"}],"curies":[{"name":"wp","href":"https:\/\/api.w.org\/{rel}","templated":true}]}}