{"id":9365,"date":"2025-10-02T15:31:51","date_gmt":"2025-10-02T13:31:51","guid":{"rendered":"https:\/\/www.tw24.net\/?p=9365"},"modified":"2025-10-02T15:31:51","modified_gmt":"2025-10-02T13:31:51","slug":"rueckkehr-des-wahns","status":"publish","type":"post","link":"https:\/\/www.tw24.net\/?p=9365","title":{"rendered":"R\u00fcckkehr des Wahns"},"content":{"rendered":"<p>Die in der <i>Labour Party<\/i> organisierte britische Sozialdemokratie, eine bisher offenbar gr\u00fcndlich untersch\u00e4tzte Vereinigung von Experten auf dem Gebiet der V\u00f6lkermordforschung, hat sich mehrheitlich hinter einen Parteitagsbeschlu\u00df gestellt, mit dem Israel ein \u00bbGenozid\u00ab in Gaza vorgeworfen wird. Leben dort selbst nach UN-Angaben <a href=\"https:\/\/www.unrwa.org\/where-we-work\/gaza-strip\">heute<\/a> 300.000 \u00bbPal\u00e4stinenser\u00ab mehr als <a href=\"https:\/\/web.archive.org\/web\/20231002175408\/https:\/\/www.unrwa.org\/where-we-work\/gaza-strip\">vor<\/a> dem 7. Oktober 2023, wird ein V\u00f6lkermord inzwischen mittels Parteitagsbeschlu\u00df diagnostiziert.<\/p>\n<p>Keir Starmer, der Vorsitzende der britischen Sozialdemokratie, die eine so lange wie innige Feindschaft mit <i>dem<\/i> j\u00fcdischen Staat verbindet, steht nebenher einer Regierung vor, die freilich das Gegenteil behauptet. \u00bbDie Regierung geht nicht davon aus, da\u00df Israel [in Gaza] mit der Absicht\u00ab handele, einen V\u00f6lkermord an den \u00bbPal\u00e4stinensern\u00ab zu ver\u00fcben, <a href=\"https:\/\/www.reuters.com\/world\/uk\/britain-has-not-concluded-israels-actions-gaza-are-genocide-2025-09-09\/\">beschied<\/a> der damalige Au\u00dfenminister David Lammy das Parlament in London in einem auf den 1. September datierten Schreiben.<\/p>\n<p>Zwar seien die Zahl der Todesopfer des israelischen Vorgehens gegen die Hamas und das Ausma\u00df der Zerst\u00f6rung in Gaza \u00bb\u00fcberaus erschreckend\u00ab, die Feststellung eines Genozids setze voraus, da\u00df ein solcher auch gewollt sei. Diese Absicht jedoch wollte David Lammy, dem gewi\u00df viel vorzuwerfen ist, nicht allerdings eine \u00fcberbordende Verbundenheit mit Israel, nicht erkennen. Er bekr\u00e4ftigte damit eine Position, die die Regierung in London bereits seit einiger Zeit <a href=\"https:\/\/www.theguardian.com\/world\/2025\/may\/13\/no-evidence-of-genocide-in-gaza-uk-lawyers-say-in-arms-export-case\">vertritt<\/a>.<\/p>\n<p>Galt die <i>Labour Party<\/i> unter der F\u00fchrung Jeremy Corbyns sp\u00e4testens seit 2015 redlich <a href=\"https:\/\/www.equalityhumanrights.com\/our-work\/inquiries-and-investigations\/investigation-labour-party\">verdient<\/a> als ein Hort des Antisemitismus im Vereinigten K\u00f6nigreich, erschien dessen Amtsnachfolger zun\u00e4chst als ein Hoffnungstr\u00e4ger, der dem Judenha\u00df ehrlich den Kampf ansagte. Mittlerweile ist davon nichts mehr \u00fcbrig. Erkannte er als Premier den Terrorstaat \u00bbPal\u00e4stina\u00ab an, steht Keir Starmer nun auch noch weiter einer Partei vor, die mehr und mehr zur\u00fcckfindet zu ihrer vulg\u00e4ren Judenfeindschaft.<\/p>\n","protected":false},"excerpt":{"rendered":"<p>Die in der Labour Party organisierte britische Sozialdemokratie, eine bisher offenbar gr\u00fcndlich untersch\u00e4tzte Vereinigung von Experten auf dem Gebiet der V\u00f6lkermordforschung, hat sich mehrheitlich hinter einen Parteitagsbeschlu\u00df gestellt, mit dem Israel ein \u00bbGenozid\u00ab in Gaza vorgeworfen wird. Leben dort selbst nach UN-Angaben heute 300.000 \u00bbPal\u00e4stinenser\u00ab mehr als vor dem 7. Oktober 2023, wird ein V\u00f6lkermord [&hellip;]<\/p>\n","protected":false},"author":1,"featured_media":0,"comment_status":"open","ping_status":"open","sticky":false,"template":"","format":"standard","meta":{"footnotes":""},"categories":[2],"tags":[38,1272,148,192,194,209,757,244,374,398],"class_list":["post-9365","post","type-post","status-publish","format-standard","hentry","category-allgemein","tag-antisemitismus","tag-david-lammy","tag-gaza","tag-islamismus","tag-israel","tag-jeremy-corbyn","tag-keir-starmer","tag-labour-party","tag-terrorismus","tag-vereinigtes-koenigreich"],"_links":{"self":[{"href":"https:\/\/www.tw24.net\/index.php?rest_route=\/wp\/v2\/posts\/9365","targetHints":{"allow":["GET"]}}],"collection":[{"href":"https:\/\/www.tw24.net\/index.php?rest_route=\/wp\/v2\/posts"}],"about":[{"href":"https:\/\/www.tw24.net\/index.php?rest_route=\/wp\/v2\/types\/post"}],"author":[{"embeddable":true,"href":"https:\/\/www.tw24.net\/index.php?rest_route=\/wp\/v2\/users\/1"}],"replies":[{"embeddable":true,"href":"https:\/\/www.tw24.net\/index.php?rest_route=%2Fwp%2Fv2%2Fcomments&post=9365"}],"version-history":[{"count":1,"href":"https:\/\/www.tw24.net\/index.php?rest_route=\/wp\/v2\/posts\/9365\/revisions"}],"predecessor-version":[{"id":9366,"href":"https:\/\/www.tw24.net\/index.php?rest_route=\/wp\/v2\/posts\/9365\/revisions\/9366"}],"wp:attachment":[{"href":"https:\/\/www.tw24.net\/index.php?rest_route=%2Fwp%2Fv2%2Fmedia&parent=9365"}],"wp:term":[{"taxonomy":"category","embeddable":true,"href":"https:\/\/www.tw24.net\/index.php?rest_route=%2Fwp%2Fv2%2Fcategories&post=9365"},{"taxonomy":"post_tag","embeddable":true,"href":"https:\/\/www.tw24.net\/index.php?rest_route=%2Fwp%2Fv2%2Ftags&post=9365"}],"curies":[{"name":"wp","href":"https:\/\/api.w.org\/{rel}","templated":true}]}}