{"id":9389,"date":"2025-10-08T16:17:56","date_gmt":"2025-10-08T14:17:56","guid":{"rendered":"https:\/\/www.tw24.net\/?p=9389"},"modified":"2025-10-08T16:17:56","modified_gmt":"2025-10-08T14:17:56","slug":"spendierlaune-2","status":"publish","type":"post","link":"https:\/\/www.tw24.net\/?p=9389","title":{"rendered":"Spendierlaune"},"content":{"rendered":"<p>Die Regierung in Berlin sucht offenbar eine f\u00fchrende Rolle bei einem Wiederaufbau Gazas. Wie unter Berufung auf Au\u00dfenpolitiker der von Kanzler Friedrich Merz gef\u00fchrten Koalition <a href=\"https:\/\/www.deutschlandfunk.de\/union-und-spd-fuer-aktive-rolle-deutschlands-bei-wiederaufbau-102.html\">berichtet<\/a> wird, soll sich Deutschland zun\u00e4chst \u00bbaktiv\u00ab an einer Wiederaufbaukonferenz f\u00fcr den K\u00fcstenstreifen und danach wohl auch in der Praxis in Gaza engagieren. Au\u00dferdem will Berlin sich auch \u00bbbei der politischen Umsetzung eines Gaza-Abkommens einbringen\u00ab.<\/p>\n<p>Geh\u00f6rte Deutschland bereits in den Jahren vor 2023 zu den gro\u00dfz\u00fcgigsten Geldgebern der \u00bbPal\u00e4stinenser\u00ab, scheint Berlin nicht bereit, Lehren aus seiner bisherigen \u00bbPal\u00e4stina\u00ab-Politik zu ziehen: Es war auch deutsches Geld, das &#8211; direkt oder \u00fcber die EU und die Vereinten Nationen &#8211; nach Gaza flo\u00df und daf\u00fcr sorgte, da\u00df die Hamas dort einen Vernichtungskrieg gegen Israel vorbereiten konnte, zu dem das Pogrom vor zwei Jahren den Auftakt bilden sollte.<\/p>\n<p>Erkl\u00e4rten die Unionsparteien in der Opposition etwa noch, es sei \u00bbnicht erst seit dem barbarischen Massaker vom 7. Oktober\u00ab <a href=\"https:\/\/web.archive.org\/web\/20240203110448\/https:\/\/www.cducsu.de\/presse\/pressemitteilungen\/gelder-un-hilfswerk-unrwa-stoppen\">bekannt<\/a>, \u00bbdass in Schulen und Einrichtungen\u00ab der UNRWA \u00bbin Gaza seit Jahren blinder Hass und die Vernichtung der Juden propagiert\u00ab w\u00fcrden, und verlangten sie daher ein Ende der deutschen Finanzierung des ber\u00fcchtigten \u00bbHilfswerks\u00ab, sagten sie ihm im Koalitionsvertrag schon wieder (unter wolkigen Auflagen) Unterst\u00fctzung zu.<\/p>\n<p>Fragten Unionsabgeordnete die Vorg\u00e4ngerregierung sogar noch gezielt nach F\u00f6rderprojekten &#8211; beispielsweise das mit dem sch\u00f6nen Titel <a href=\"https:\/\/www.transparenzportal.bund.de\/de\/detailsuche\/DE-1-202218444?country=PS&amp;offset=40\">\u00bbUNRWA Rehabilitierung von Wohnraum in Gaza\u00ab<\/a> &#8211; und danach, \u00bbmit welchen konkreten Ma\u00dfnahmen\u00ab das federf\u00fchrende BMZ habe sicherstellen k\u00f6nnen, da\u00df die ausgezahlten Mittel \u00bbnicht direkt oder indirekt an die Hamas oder andere terroristische Organisationen gelangten\u00ab, ist ihr Wissensdurst inzwischen erloschen.<\/p>\n<p>Dabei sorgt gerade diese Ma\u00dfnahme doch noch immer f\u00fcr Fragezeichen: Sp\u00e4testens am 31. Januar 2024 wurde ihr ein \u00bbAuszahlungsfortschritt\u00ab von 100 Prozent attestiert, zwischenzeitlich erreichte er 200 Prozent. Dar\u00fcber, was genau mit den ausgesch\u00fctteten 11 bzw. 22 Millionen Euro bezahlt wurde und mit welchem Ausgang, h\u00fcllte sich die Regierung von Kanzler Olaf Scholz in Schweigen, w\u00e4hrend die des Friedrich Merz heute keinen Aufkl\u00e4rungsbedarf sieht.<\/p>\n<p>Im Oktober 2014 <a href=\"https:\/\/www.auswaertiges-amt.de\/de\/newsroom\/141012-bm-stm-wiederaufbaukonferenz-gaza\/265958\">erkl\u00e4rte<\/a> der damalige deutsche Au\u00dfenminister Frank-Walter Steinmeier anl\u00e4\u00dflich einer Wiederaufbaukonferenz f\u00fcr Gaza, \u00bbwir\u00ab d\u00fcrften \u00bbein Zur\u00fcck zum Status Quo\u00ab dort nicht zulassen\u00ab, Gaza d\u00fcrfe \u00bbnicht mehr von der Hamas und anderen Extremisten als Waffenlager mi\u00dfbraucht werden\u00ab. Statt schon wieder Millionensummen zu versprechen, w\u00e4re es weit angemessener, zun\u00e4chst einmal herauszufinden, weshalb aus diesem Vorsatz nichts wurde.<\/p>\n","protected":false},"excerpt":{"rendered":"<p>Die Regierung in Berlin sucht offenbar eine f\u00fchrende Rolle bei einem Wiederaufbau Gazas. Wie unter Berufung auf Au\u00dfenpolitiker der von Kanzler Friedrich Merz gef\u00fchrten Koalition berichtet wird, soll sich Deutschland zun\u00e4chst \u00bbaktiv\u00ab an einer Wiederaufbaukonferenz f\u00fcr den K\u00fcstenstreifen und danach wohl auch in der Praxis in Gaza engagieren. Au\u00dferdem will Berlin sich auch \u00bbbei der [&hellip;]<\/p>\n","protected":false},"author":1,"featured_media":0,"comment_status":"open","ping_status":"open","sticky":false,"template":"","format":"standard","meta":{"footnotes":""},"categories":[2],"tags":[38,49,79,87,102,144,1221,148,157,1435,239,907,361,374,1365,389,399],"class_list":["post-9389","post","type-post","status-publish","format-standard","hentry","category-allgemein","tag-antisemitismus","tag-auswaertiges-amt","tag-cdu","tag-csu","tag-deutschland","tag-frank-walter-steinmeier","tag-friedrich-merz","tag-gaza","tag-hamas","tag-ilsamismus","tag-korruption","tag-olaf-scholz","tag-spd","tag-terrorismus","tag-transparenz","tag-unrwa","tag-vereinte-nationen"],"_links":{"self":[{"href":"https:\/\/www.tw24.net\/index.php?rest_route=\/wp\/v2\/posts\/9389","targetHints":{"allow":["GET"]}}],"collection":[{"href":"https:\/\/www.tw24.net\/index.php?rest_route=\/wp\/v2\/posts"}],"about":[{"href":"https:\/\/www.tw24.net\/index.php?rest_route=\/wp\/v2\/types\/post"}],"author":[{"embeddable":true,"href":"https:\/\/www.tw24.net\/index.php?rest_route=\/wp\/v2\/users\/1"}],"replies":[{"embeddable":true,"href":"https:\/\/www.tw24.net\/index.php?rest_route=%2Fwp%2Fv2%2Fcomments&post=9389"}],"version-history":[{"count":1,"href":"https:\/\/www.tw24.net\/index.php?rest_route=\/wp\/v2\/posts\/9389\/revisions"}],"predecessor-version":[{"id":9390,"href":"https:\/\/www.tw24.net\/index.php?rest_route=\/wp\/v2\/posts\/9389\/revisions\/9390"}],"wp:attachment":[{"href":"https:\/\/www.tw24.net\/index.php?rest_route=%2Fwp%2Fv2%2Fmedia&parent=9389"}],"wp:term":[{"taxonomy":"category","embeddable":true,"href":"https:\/\/www.tw24.net\/index.php?rest_route=%2Fwp%2Fv2%2Fcategories&post=9389"},{"taxonomy":"post_tag","embeddable":true,"href":"https:\/\/www.tw24.net\/index.php?rest_route=%2Fwp%2Fv2%2Ftags&post=9389"}],"curies":[{"name":"wp","href":"https:\/\/api.w.org\/{rel}","templated":true}]}}