{"id":9391,"date":"2025-10-09T15:59:48","date_gmt":"2025-10-09T13:59:48","guid":{"rendered":"https:\/\/www.tw24.net\/?p=9391"},"modified":"2025-10-09T15:59:48","modified_gmt":"2025-10-09T13:59:48","slug":"haltung","status":"publish","type":"post","link":"https:\/\/www.tw24.net\/?p=9391","title":{"rendered":"Haltung"},"content":{"rendered":"<p>Wird anderswo schon \u00fcber ein (vorl\u00e4ufiges) Ende der milit\u00e4rischen Bek\u00e4mpfung der Hamas verhandelt, dem eine hoffentlich baldige R\u00fcckkehr ihrer noch verbliebenen j\u00fcdischen Geiseln vorausgehen soll, wird der Krieg gegen <i>den<\/i> j\u00fcdischen Staat l\u00e4ngst auch und verst\u00e4rkt an anderen Fronten gef\u00fchrt und wohl selbst dann noch fortgef\u00fchrt werden, wenn ein Wiederaufbau Gazas unter zivilisierten Vorzeichen eingeleitet werden konnte: Antisemitismus kennt kein Innehalten.<\/p>\n<p>So drohen verschiedene Mitglieder der European Broadcasting Union (EBU) weiter, nicht an der im n\u00e4chsten Jahr in Wien geplanten n\u00e4chsten Ausgabe des Eurovision-Wettbewerbs teilzunehmen, sollten israelische K\u00fcnstler dazu zugelassen werden. Und einen Teilerfolg haben diese Boykotteure, angefeuert teils von den jeweiligen nationalen Regierungen, bereits errungen: Es wird Anfang November dar\u00fcber abgestimmt, ob Israel noch an dem Wettbewerb teilnehmen darf.<\/p>\n<p>Statt jene Mitglieder konsequent auszuschlie\u00dfen, die den Boykott und den Rauswurf eines anderen Mitglieds der EBU verlangen, hat sich der 1950 gegr\u00fcndete Zusammenschlu\u00df zahlreicher \u00f6ffentlich-rechtlicher Rundfunkanstalten in Europa, Nordafrika und dem Nahen Osten, gerade nicht hinter Israel gestellt. Sp\u00fcrten die Veranstalter des Eurovision Song Contest (ESC) bislang viel zu wenig Gegenwind, formiert und r\u00fchrt sich jetzt endlich offenbar einiger Widerstand.<\/p>\n<p>H\u00fcteten sich die sonst so aktivistischen deutschen Sendeanstalten, in dem Streit Stellung zu beziehen, <a href=\"https:\/\/eurovisionfun.com\/en\/2025\/10\/breaking-news-austrian-chancellor-does-not-want-to-host-eurovision-2026-if-israel-is-excluded\/\">zeigt<\/a> \u00d6sterreich als Austragungsland des ESC 2026 R\u00fcckgrat: Sollte Israel von der Teilnahme ausgeschlossen werden, werde der Wettbewerb jedenfalls nicht in Wien stattfinden. Trotz drohender Vertragsstrafen im zweistelligen Millionenbereich sollen Kanzler Christian Stocker und Staatssekret\u00e4r Alexander Pr\u00f6ll dem ORF f\u00fcr diesen dem Fall den Ausstieg <a href=\"https:\/\/www.oe24.at\/oesterreich\/politik\/politik-insider\/jetzt-wackelt-songcontest-in-wien\/651725013\">empfohlen<\/a> haben.<\/p>\n<p>Zwar <a href=\"https:\/\/www.derstandard.de\/story\/3000000260067\/orf-raete-wuerden-deutsche-staatsferne-vorgabe-auch-nach-umbau-nicht-bestehen\">gelten<\/a> die Entscheidungsgremien des \u00f6ffentlich-rechtlichen Senders nicht eben als begeisterte Sympathisanten der konservativen Regierung in Wien und sollte die Anstalt auch nicht blo\u00df deren Erf\u00fcllungsgehilfin sein. Setzten sie jedoch diese Empfehlung um, k\u00f6nnten sie damit ein deutliches Zeichen setzen gegen den auch in Eurovision-Kreisen grassierenden Ha\u00df auf Juden und <i>die<\/i> j\u00fcdische Demokratie. Es w\u00e4re ein \u00fcberf\u00e4lliges Bekenntnis zu zivilisatorischen Mindeststandards.<\/p>\n","protected":false},"excerpt":{"rendered":"<p>Wird anderswo schon \u00fcber ein (vorl\u00e4ufiges) Ende der milit\u00e4rischen Bek\u00e4mpfung der Hamas verhandelt, dem eine hoffentlich baldige R\u00fcckkehr ihrer noch verbliebenen j\u00fcdischen Geiseln vorausgehen soll, wird der Krieg gegen den j\u00fcdischen Staat l\u00e4ngst auch und verst\u00e4rkt an anderen Fronten gef\u00fchrt und wohl selbst dann noch fortgef\u00fchrt werden, wenn ein Wiederaufbau Gazas unter zivilisierten Vorzeichen eingeleitet [&hellip;]<\/p>\n","protected":false},"author":1,"featured_media":0,"comment_status":"open","ping_status":"open","sticky":false,"template":"","format":"standard","meta":{"footnotes":""},"categories":[2],"tags":[38,102,1436,119,120,126,194,301,360,439],"class_list":["post-9391","post","type-post","status-publish","format-standard","hentry","category-allgemein","tag-antisemitismus","tag-deutschland","tag-ebu","tag-esc","tag-eu","tag-eurovision-song-contest","tag-israel","tag-oesterreich","tag-spanien","tag-zivilcourage"],"_links":{"self":[{"href":"https:\/\/www.tw24.net\/index.php?rest_route=\/wp\/v2\/posts\/9391","targetHints":{"allow":["GET"]}}],"collection":[{"href":"https:\/\/www.tw24.net\/index.php?rest_route=\/wp\/v2\/posts"}],"about":[{"href":"https:\/\/www.tw24.net\/index.php?rest_route=\/wp\/v2\/types\/post"}],"author":[{"embeddable":true,"href":"https:\/\/www.tw24.net\/index.php?rest_route=\/wp\/v2\/users\/1"}],"replies":[{"embeddable":true,"href":"https:\/\/www.tw24.net\/index.php?rest_route=%2Fwp%2Fv2%2Fcomments&post=9391"}],"version-history":[{"count":1,"href":"https:\/\/www.tw24.net\/index.php?rest_route=\/wp\/v2\/posts\/9391\/revisions"}],"predecessor-version":[{"id":9392,"href":"https:\/\/www.tw24.net\/index.php?rest_route=\/wp\/v2\/posts\/9391\/revisions\/9392"}],"wp:attachment":[{"href":"https:\/\/www.tw24.net\/index.php?rest_route=%2Fwp%2Fv2%2Fmedia&parent=9391"}],"wp:term":[{"taxonomy":"category","embeddable":true,"href":"https:\/\/www.tw24.net\/index.php?rest_route=%2Fwp%2Fv2%2Fcategories&post=9391"},{"taxonomy":"post_tag","embeddable":true,"href":"https:\/\/www.tw24.net\/index.php?rest_route=%2Fwp%2Fv2%2Ftags&post=9391"}],"curies":[{"name":"wp","href":"https:\/\/api.w.org\/{rel}","templated":true}]}}