{"id":9408,"date":"2025-10-19T18:00:23","date_gmt":"2025-10-19T16:00:23","guid":{"rendered":"https:\/\/www.tw24.net\/?p=9408"},"modified":"2025-10-19T18:00:23","modified_gmt":"2025-10-19T16:00:23","slug":"seine-haltung","status":"publish","type":"post","link":"https:\/\/www.tw24.net\/?p=9408","title":{"rendered":"Seine Haltung"},"content":{"rendered":"<p>Hatte die damalige deutsche Kanzlerin Angela Merkel bei einem Auftritt im israelischen Parlament, der Knesset in Jerusalem \u00bbdie Sicherheit Israels\u00ab zu einem \u00bbTeil der Staatsr\u00e4son meines Landes\u00ab <a href=\"https:\/\/www.bundesregierung.de\/breg-de\/service\/newsletter-und-abos\/bulletin\/rede-von-bundeskanzlerin-dr-angela-merkel-796170\">erkl\u00e4rt<\/a>, <a href=\"https:\/\/www.faz.net\/aktuell\/politik\/inland\/merz-im-interview-wir-wollen-die-staerkste-konventionelle-armee-in-europa-aufbauen-110737192.html\">merkte<\/a> nun ihr Amtsnachfolger Friedrich Merz gegen\u00fcber der <i>Frankfurter Allgemeinen Sonntagszeitung<\/i> an, er habe sich \u00bbmit diesem Begriff immer schwergetan, weil er in all seinen Konsequenzen nie ausbuchstabiert worden\u00ab sei.<\/p>\n<p>Nachdem erst Anfang Oktober zahlreiche selbsterkl\u00e4rte und in Deutschland zweifellos weltbekannte \u00bbExperten\u00ab in einem &#8211; selbstverst\u00e4ndlich &#8211; <a href=\"https:\/\/staatsraison.net\/\">\u00bbExpertenpapier\u00ab<\/a> nicht weniger als \u00bbeine nahostpolitische Wende\u00ab verlangt und wenigstens im Verh\u00e4ltnis zu Israel eine Abkehr von dem \u00bbvordemokratischen Begriff der \u203aStaatsraison\u2039\u00ab gefordert hatten, will der CDU-Vorsitzende offenbar unter Beweis stellen, solchen Rat nicht zu ben\u00f6tigen.<\/p>\n<p>Und in der Tat w\u00e4re es falsch, Friedrich Merz einer \u00fcberbordenden N\u00e4he zu Jerusalem zu beschuldigen. Kaum im zweiten Wahlgang ins Amt gehievt, <a href=\"https:\/\/www.ardmediathek.de\/video\/brennpunkt\/brennpunkt-das-drama-um-die-kanzlerwahl\/das-erste\/Y3JpZDovL3dkci5kZS9CZWl0cmFnLXNvcGhvcmEtNzE5YWM0ZWYtNTk0My00OTBlLThmMzQtMWIzZDI1MmM5ZjI5\">beklagte<\/a> er schon, \u00bbIsrael macht uns allergr\u00f6\u00dfte Sorge\u00ab, um kurz darauf mit dem kaum weniger besorgten sozialdemokratischen Koalitionspartner zu verabreden, keine R\u00fcstungsexporte mehr nach Israel zu genehmigen, sofern die betreffenden G\u00fcter im Kampf gegen die Hamas <a href=\"https:\/\/www.bundesregierung.de\/breg-de\/aktuelles\/bundeskanzler-friedrich-merz-erklaert-zur-entwicklung-in-gaza--2377366\">verwendet<\/a> werden k\u00f6nnten.<\/p>\n<p>Da das weder in der CDU noch bei der CSU auf gro\u00dfe Begeisterung stie\u00df, <a href=\"https:\/\/www.welt.de\/politik\/deutschland\/article68986ec3c4cafc133a0e35ef\/hintergrund-papier-zum-vorgehen-propalaestinensischer-gruppen-kein-wort-entruestung-in-union-ueber-merz-erklaerung.html\">belehrte<\/a> Friedrich Merz den Vorstand seiner Partei, Israels Kampf gegen die Hamas \u00bbtr\u00e4gt auch zur Versch\u00e4rfung gesellschaftlicher Konflikte in Deutschland und Europa bei, die wir auch im Sinne unserer Verpflichtung gegen\u00fcber dem Staat Israel vermeiden m\u00fcssen\u00ab. \u00bbMeine Haltung zu Israel\u00ab, l\u00e4\u00dft er sich am Sonntag zitieren, habe sich \u00bbnicht ver\u00e4ndert\u00ab. Wer k\u00f6nnte an ihm zweifeln?<\/p>\n","protected":false},"excerpt":{"rendered":"<p>Hatte die damalige deutsche Kanzlerin Angela Merkel bei einem Auftritt im israelischen Parlament, der Knesset in Jerusalem \u00bbdie Sicherheit Israels\u00ab zu einem \u00bbTeil der Staatsr\u00e4son meines Landes\u00ab erkl\u00e4rt, merkte nun ihr Amtsnachfolger Friedrich Merz gegen\u00fcber der Frankfurter Allgemeinen Sonntagszeitung an, er habe sich \u00bbmit diesem Begriff immer schwergetan, weil er in all seinen Konsequenzen nie [&hellip;]<\/p>\n","protected":false},"author":1,"featured_media":0,"comment_status":"open","ping_status":"open","sticky":false,"template":"","format":"standard","meta":{"footnotes":""},"categories":[2],"tags":[35,38,79,102,1221,148,157,192,194,1294,374],"class_list":["post-9408","post","type-post","status-publish","format-standard","hentry","category-allgemein","tag-angela-merkel","tag-antisemitismus","tag-cdu","tag-deutschland","tag-friedrich-merz","tag-gaza","tag-hamas","tag-islamismus","tag-israel","tag-staatsraeson","tag-terrorismus"],"_links":{"self":[{"href":"https:\/\/www.tw24.net\/index.php?rest_route=\/wp\/v2\/posts\/9408","targetHints":{"allow":["GET"]}}],"collection":[{"href":"https:\/\/www.tw24.net\/index.php?rest_route=\/wp\/v2\/posts"}],"about":[{"href":"https:\/\/www.tw24.net\/index.php?rest_route=\/wp\/v2\/types\/post"}],"author":[{"embeddable":true,"href":"https:\/\/www.tw24.net\/index.php?rest_route=\/wp\/v2\/users\/1"}],"replies":[{"embeddable":true,"href":"https:\/\/www.tw24.net\/index.php?rest_route=%2Fwp%2Fv2%2Fcomments&post=9408"}],"version-history":[{"count":1,"href":"https:\/\/www.tw24.net\/index.php?rest_route=\/wp\/v2\/posts\/9408\/revisions"}],"predecessor-version":[{"id":9409,"href":"https:\/\/www.tw24.net\/index.php?rest_route=\/wp\/v2\/posts\/9408\/revisions\/9409"}],"wp:attachment":[{"href":"https:\/\/www.tw24.net\/index.php?rest_route=%2Fwp%2Fv2%2Fmedia&parent=9408"}],"wp:term":[{"taxonomy":"category","embeddable":true,"href":"https:\/\/www.tw24.net\/index.php?rest_route=%2Fwp%2Fv2%2Fcategories&post=9408"},{"taxonomy":"post_tag","embeddable":true,"href":"https:\/\/www.tw24.net\/index.php?rest_route=%2Fwp%2Fv2%2Ftags&post=9408"}],"curies":[{"name":"wp","href":"https:\/\/api.w.org\/{rel}","templated":true}]}}