{"id":9547,"date":"2025-12-22T17:16:49","date_gmt":"2025-12-22T15:16:49","guid":{"rendered":"https:\/\/www.tw24.net\/?p=9547"},"modified":"2025-12-22T17:16:49","modified_gmt":"2025-12-22T15:16:49","slug":"deutscher-abgrund","status":"publish","type":"post","link":"https:\/\/www.tw24.net\/?p=9547","title":{"rendered":"Deutscher Abgrund"},"content":{"rendered":"<p>Im vergangenen Sommer hatten die B\u00fcrgermeister einiger deutscher St\u00e4dte die Idee, einige \u00bbbesonders schutzbed\u00fcrftige Kinder aus Gaza\u00ab in ihren Kommunen aufzunehmen. In einem gemeinsamen Schreiben <a href=\"https:\/\/www.hannover.de\/Service\/Presse-Medien\/Landeshauptstadt-Hannover\/Aktuelle-Meldungen-und-Veranstaltungen\/Bund-soll-Aufnahme-von-Kindern-aus-Gaza-erm\u00f6glichen\">wandten<\/a> sie sich an das Ausw\u00e4rtige Amt und das Bundesministerium des Innern, ihnen durch die Schaffung eines \u00bbgeordnete[n] Verfahren[s] auf Bundesebene, das diese humanit\u00e4re Hilfe erm\u00f6glicht\u00ab, bei der Realisierung des Vorhabens zu helfen.<\/p>\n<p>Die angesprochenen Minister Johann Wadephul und Alexander Dobrindt <a href=\"https:\/\/www.dw.com\/de\/deutschland-regierung-aufnahme-kranke-traumatisierte-kinder-gazastreifen-migration-pal\u00e4stinenser-v2\/a-73566263\">zeigten<\/a> sich freilich nicht sonderlich begeistert von dem Projekt, was insbesondere dem deutschen Innenminister einige mediale Kritik einbrachte. F\u00fcr die <i>taz<\/i> etwa <a href=\"https:\/\/taz.de\/Einreiseblockade-fuer-Kinder-aus-Gaza\/!6102106\/\">taten<\/a> sich \u00bbmal wieder deutsche Abgr\u00fcnde\u00ab auf: \u00bbMan k\u00f6nnte so Kinderleben retten &#8211; aber unterl\u00e4sst es\u00ab. Sicherheitsbedenken hatte schon zuvor der <i>Tagesspiegel<\/i> als \u00bbunangemessene[n] Alarmismus\u00ab <a href=\"https:\/\/www.tagesspiegel.de\/meinung\/dem-sterben-einhalt-gebieten-deutschland-muss-kinder-aus-gaza-aufnehmen-14140310.html\">abgetan<\/a>.<\/p>\n<blockquote><p>\u00bbWo ein Wille ist, ist auch ein Weg \u2013 und sei es, indem man f\u00fcr jedes Kind nur eine weibliche Begleitperson erlaubt.\u00ab<\/p><\/blockquote>\n<p>In Belgien zeigte man sich derweil weniger abweisend. Und staunte dann wohl nicht schlecht bei der <a href=\"https:\/\/twitter.com\/Marianasoux\/status\/1988870174229864645\">Ankunft<\/a> \u00bbeiniger besonders schutzbed\u00fcrftiger Kinder aus Gaza\u00ab: Die n\u00e4mlich trugen Jacken, die mit einem stilisierten M16-Sturmgewehr bedruckt waren, einem Motiv, das sich in der Folge blutiger \u00bbpal\u00e4stinensischer\u00ab Terroranschl\u00e4ge auf j\u00fcdische Zivilisten zu einem der beliebtesten Angebote \u00bbpal\u00e4stinensischer\u00ab Bekleidungsh\u00e4ndler entwickelte.<\/p>\n<p>Auch in der Schweiz kamen 20 \u00bbverletzte Kinder\u00ab aus Gaza nebst 78 Begleitpersonen an. Von den insgesamt 98 \u00bbPal\u00e4stinensern\u00ab, die allesamt einen Antrag auf Asyl stellten, <a href=\"https:\/\/www.tachles.ch\/artikel\/news\/gaza-kinder-und-begleitpersonen-duerften-bis-auf-weiteres-bleiben\">waren<\/a> 62 minderj\u00e4hrig. Die <i>Weltwoche<\/i> <a href=\"https:\/\/weltwoche.ch\/story\/palaestinensisches-roulette\/\">merkt<\/a> dazu an, \u00bbdie Mehrheit der Begleitpersonen der verletzten Kinder waren nicht etwa deren Eltern, sondern minderj\u00e4hrige Cousins und Cousinen [..], diese Begleitpersonen k\u00f6nnen nach der Ankunft in den Kantonen umgehend Familiennachzug beantragen\u00ab.<\/p>\n<blockquote><p>\u00bbAngesichts der ausgepr\u00e4gten Familienstrukturen im Gazastreifen bedeutet das konkret: Auf 98 aufgenommene Personen k\u00f6nnen problemlos 500 bis 800 weitere folgen.\u00ab<\/p><\/blockquote>\n<p>Wie die belgischen versicherten selbstverst\u00e4ndlich auch die zust\u00e4ndigen Beh\u00f6rden in der Schweiz, die Ank\u00f6mmlinge seien sorgf\u00e4ltig \u00fcberpr\u00fcft worden, was nach Angaben der Wochenzeitung indes eine eher gewagte Behauptung darstellt. In jenen Medien, in denen sich im Sommer \u00bbmal wieder deutsche Abgr\u00fcnde\u00ab auftaten, ist unterdessen wenig \u00fcber \u00fcber die Geschehnisse in Belgien oder der Schweiz zu lesen. Sie k\u00f6nnten wom\u00f6glich ihr Zielpublikum beunruhigen.<\/p>\n","protected":false},"excerpt":{"rendered":"<p>Im vergangenen Sommer hatten die B\u00fcrgermeister einiger deutscher St\u00e4dte die Idee, einige \u00bbbesonders schutzbed\u00fcrftige Kinder aus Gaza\u00ab in ihren Kommunen aufzunehmen. In einem gemeinsamen Schreiben wandten sie sich an das Ausw\u00e4rtige Amt und das Bundesministerium des Innern, ihnen durch die Schaffung eines \u00bbgeordnete[n] Verfahren[s] auf Bundesebene, das diese humanit\u00e4re Hilfe erm\u00f6glicht\u00ab, bei der Realisierung des [&hellip;]<\/p>\n","protected":false},"author":1,"featured_media":0,"comment_status":"open","ping_status":"open","sticky":false,"template":"","format":"standard","meta":{"footnotes":""},"categories":[2],"tags":[38,62,102,121,148,157,192,1241,528,374],"class_list":["post-9547","post","type-post","status-publish","format-standard","hentry","category-allgemein","tag-antisemitismus","tag-belgien","tag-deutschland","tag-europa","tag-gaza","tag-hamas","tag-islamismus","tag-migration","tag-schweiz","tag-terrorismus"],"_links":{"self":[{"href":"https:\/\/www.tw24.net\/index.php?rest_route=\/wp\/v2\/posts\/9547","targetHints":{"allow":["GET"]}}],"collection":[{"href":"https:\/\/www.tw24.net\/index.php?rest_route=\/wp\/v2\/posts"}],"about":[{"href":"https:\/\/www.tw24.net\/index.php?rest_route=\/wp\/v2\/types\/post"}],"author":[{"embeddable":true,"href":"https:\/\/www.tw24.net\/index.php?rest_route=\/wp\/v2\/users\/1"}],"replies":[{"embeddable":true,"href":"https:\/\/www.tw24.net\/index.php?rest_route=%2Fwp%2Fv2%2Fcomments&post=9547"}],"version-history":[{"count":1,"href":"https:\/\/www.tw24.net\/index.php?rest_route=\/wp\/v2\/posts\/9547\/revisions"}],"predecessor-version":[{"id":9548,"href":"https:\/\/www.tw24.net\/index.php?rest_route=\/wp\/v2\/posts\/9547\/revisions\/9548"}],"wp:attachment":[{"href":"https:\/\/www.tw24.net\/index.php?rest_route=%2Fwp%2Fv2%2Fmedia&parent=9547"}],"wp:term":[{"taxonomy":"category","embeddable":true,"href":"https:\/\/www.tw24.net\/index.php?rest_route=%2Fwp%2Fv2%2Fcategories&post=9547"},{"taxonomy":"post_tag","embeddable":true,"href":"https:\/\/www.tw24.net\/index.php?rest_route=%2Fwp%2Fv2%2Ftags&post=9547"}],"curies":[{"name":"wp","href":"https:\/\/api.w.org\/{rel}","templated":true}]}}