{"id":9613,"date":"2026-01-22T16:43:41","date_gmt":"2026-01-22T14:43:41","guid":{"rendered":"https:\/\/www.tw24.net\/?p=9613"},"modified":"2026-01-22T16:43:41","modified_gmt":"2026-01-22T14:43:41","slug":"was-zaehlt","status":"publish","type":"post","link":"https:\/\/www.tw24.net\/?p=9613","title":{"rendered":"Was z\u00e4hlt"},"content":{"rendered":"<p>Unter Berufung auf Informationen aus der Islamischen Republik Iran, <a href=\"https:\/\/www.reuters.com\/world\/iran-deaths-went-beyond-protesters-hitting-bystanders-too-witnesses-say-2026-01-21\/\">meldet<\/a> <i>Reuters<\/i>, da\u00df die \u00bbSicherheitskr\u00e4fte\u00ab der Mullah-Regimes in den vergangenen Tagen nicht \u00bbnur\u00ab wahllos auf Protestierende das Feuer er\u00f6ffnet, sondern auch unbeteiligte Passanten gezielt unter Beschu\u00df genommen habe. Selbst auf Fl\u00fcchtende, die sich erkennbar nicht an Protesten beteiligt waren, sondern sich von ihnen entfernten, sei geschossen worden.<\/p>\n<p>Es ist inzwischen wieder ruhig geworden um die j\u00fcngsten Demonstrationen ungez\u00e4hlter Menschen in der Islamischen Republik Iran gegen \u00bbihre\u00ab F\u00fchrung. W\u00e4hrend es ob der Brutalit\u00e4t, mit der sich das islamistische Regime an der Macht zu halten versucht, wenig verwundert, wagen in iranischen St\u00e4dten kaum noch Menschen, ihrer Unzufriedenheit \u00f6ffentlich Ausdruck zu verleihen, ist das internationale Desinteresse entlarvend.<\/p>\n<p>W\u00e4hrend kein Tag vergeht, ohne da\u00df landauf und landab betont wird, wie schlimm es doch sei, da\u00df der amerikanische Pr\u00e4sident Donald J. Trump mit seinem Vorgehen gegen einen s\u00fcdamerikanischen Narco-Terroristen und -Tyrannen und seiner Anmeldung von Anspr\u00fcchen auf Gr\u00f6nland \u00bbV\u00f6lkerrecht\u00ab mi\u00dfachte, k\u00f6nnen die Mullahs, gesch\u00fctzt durch dieses \u00bbV\u00f6lkerrecht\u00ab, jede Unmuts\u00e4u\u00dferung blutig ersticken und selbst gef\u00fcgige Untertanen massakrieren.<\/p>\n<p>Nach <a href=\"https:\/\/www.thetimes.com\/world\/middle-east\/article\/iran-young-protesters-news-nsdztp5t2\">Meldungen<\/a> vom vergangenen Wochenende haben die Schl\u00e4chter des islamistischen Regimes in den vergangenen drei Wochen \u00fcber 16.500 Menschen ermordet und mindestens 330.000 verletzt. Doch au\u00dfer schaler Betroffenheitsheuchelei war von der in ihr \u00bbV\u00f6lkerrecht\u00ab vernarrten \u00bbStaatengemeinschaft\u00ab wenig dazu zu vernehmen. Wo die Islamische Republik Iran beginnt, wird das Blutbad des Regimes zur \u00bbinneren Angelegenheit\u00ab.<\/p>\n<p>In der \u00bbregelbasierten Weltordnung\u00ab ist die \u00bbstaatliche Souver\u00e4nit\u00e4t\u00ab heilig, heiliger jedenfalls als \u00bbMenschenrechte\u00ab, selbst wenn gerade ein zum Untergang verurteiltes islamistisches Regime Krieg gegen die \u00bbeigene\u00ab Bev\u00f6lkerung f\u00fchrt und Massen von Menschen wahl- und erbarmungslos abschlachtet, um die, die \u00fcberleben, f\u00fcr den Rest ihres Daseins so einzusch\u00fcchtern, da\u00df die nie wieder einen eigenen Gedanken wagen. Es lebe das \u00bbV\u00f6lkerrecht\u00ab.<\/p>\n","protected":false},"excerpt":{"rendered":"<p>Unter Berufung auf Informationen aus der Islamischen Republik Iran, meldet Reuters, da\u00df die \u00bbSicherheitskr\u00e4fte\u00ab der Mullah-Regimes in den vergangenen Tagen nicht \u00bbnur\u00ab wahllos auf Protestierende das Feuer er\u00f6ffnet, sondern auch unbeteiligte Passanten gezielt unter Beschu\u00df genommen habe. Selbst auf Fl\u00fcchtende, die sich erkennbar nicht an Protesten beteiligt waren, sondern sich von ihnen entfernten, sei geschossen [&hellip;]<\/p>\n","protected":false},"author":1,"featured_media":0,"comment_status":"open","ping_status":"open","sticky":false,"template":"","format":"standard","meta":{"footnotes":""},"categories":[2],"tags":[68,110,112,946,191,192,455,764,397,399,1474],"class_list":["post-9613","post","type-post","status-publish","format-standard","hentry","category-allgemein","tag-bigotterie","tag-donald-j-trump","tag-double-standards","tag-heuchelei","tag-islamische-republik-iran","tag-islamismus","tag-souveraenitaet","tag-staatsterrorismus","tag-vereinigte-staaten","tag-vereinte-nationen","tag-weltordnung"],"_links":{"self":[{"href":"https:\/\/www.tw24.net\/index.php?rest_route=\/wp\/v2\/posts\/9613","targetHints":{"allow":["GET"]}}],"collection":[{"href":"https:\/\/www.tw24.net\/index.php?rest_route=\/wp\/v2\/posts"}],"about":[{"href":"https:\/\/www.tw24.net\/index.php?rest_route=\/wp\/v2\/types\/post"}],"author":[{"embeddable":true,"href":"https:\/\/www.tw24.net\/index.php?rest_route=\/wp\/v2\/users\/1"}],"replies":[{"embeddable":true,"href":"https:\/\/www.tw24.net\/index.php?rest_route=%2Fwp%2Fv2%2Fcomments&post=9613"}],"version-history":[{"count":1,"href":"https:\/\/www.tw24.net\/index.php?rest_route=\/wp\/v2\/posts\/9613\/revisions"}],"predecessor-version":[{"id":9614,"href":"https:\/\/www.tw24.net\/index.php?rest_route=\/wp\/v2\/posts\/9613\/revisions\/9614"}],"wp:attachment":[{"href":"https:\/\/www.tw24.net\/index.php?rest_route=%2Fwp%2Fv2%2Fmedia&parent=9613"}],"wp:term":[{"taxonomy":"category","embeddable":true,"href":"https:\/\/www.tw24.net\/index.php?rest_route=%2Fwp%2Fv2%2Fcategories&post=9613"},{"taxonomy":"post_tag","embeddable":true,"href":"https:\/\/www.tw24.net\/index.php?rest_route=%2Fwp%2Fv2%2Ftags&post=9613"}],"curies":[{"name":"wp","href":"https:\/\/api.w.org\/{rel}","templated":true}]}}