{"id":9732,"date":"2026-03-11T16:54:50","date_gmt":"2026-03-11T14:54:50","guid":{"rendered":"https:\/\/www.tw24.net\/?p=9732"},"modified":"2026-03-11T16:54:50","modified_gmt":"2026-03-11T14:54:50","slug":"berliner-anmassung","status":"publish","type":"post","link":"https:\/\/www.tw24.net\/?p=9732","title":{"rendered":"Berliner Anma\u00dfung"},"content":{"rendered":"<p>Bundeskanzler Friedrich Merz hat seine Kritik an den amerikanisch-israelischen Milit\u00e4roperationen gegen das Regime in Teheran erneuert. Hatte der deutsche Regierungschef zun\u00e4chst <a href=\"https:\/\/www.cdu.de\/aktuelles\/aussenpolitik\/pressestatement-friedrich-merz-zum-iran\/\">erkl\u00e4rt<\/a>, \u00bb[wir belehren] unsere Partner nicht zu ihren milit\u00e4rischen Schl\u00e4gen gegen Iran\u00ab, <a href=\"https:\/\/www.bundesregierung.de\/breg-de\/aktuelles\/bundeskanzler-friedrich-merz-erklaert-zur-krise-in-nahost-2409874\">verk\u00fcndete<\/a> er nur wenig sp\u00e4ter, \u00bbein endloser Krieg ist nicht in unserem Interesse\u00ab. Am Dienstag nun bekr\u00e4ftigte er seine Distanzierung noch einmal.<\/p>\n<p>\u00bbVor allem\u00ab, wird er <a href=\"https:\/\/www.spiegel.de\/ausland\/iran-friedrich-merz-und-johann-wadephul-zweifeln-an-aussagen-von-donald-trump-zu-baldigem-kriegsende-a-4d0b3efe-15f3-4e44-89d1-b3d945f5ba8e\">zitiert<\/a>, \u00bbbesorgt uns, dass es offensichtlich keinen gemeinsamen Plan gibt, wie dieser Krieg schnell zu einem \u00fcberzeugenden Ende gebracht werden kann\u00ab. Hatten Berlin, London und Paris, die \u00bbE3\u00ab, bereits am 28. Februar eiligst <a href=\"https:\/\/www.bundesregierung.de\/breg-de\/aktuelles\/e3-joint-leaders-statement-on-iran-2409132\">mitgeteilt<\/a>, \u00bbwir waren nicht an den Milit\u00e4rschl\u00e4gen beteiligt\u00ab, sollte es freilich nicht verwundern, besprechen Washington und Jerusalem ihr Vorgehen nicht im und mit dem Berliner Kanzleramt.<\/p>\n<p>Und mit jeder seiner \u00c4u\u00dferungen sorgt Friedrich Merz daf\u00fcr, da\u00df Deutschland auch weiter nur die Zuschauerrolle bleibt. Die jetzt vom CDU-Vorsitzenden formulierte Forderung, in Pl\u00e4ne eingeweiht zu werden, \u00bbwie dieser Krieg schnell zu einem \u00fcberzeugenden Ende gebracht werden kann\u00ab, wird sich daher so schnell nicht erf\u00fcllen. Dar\u00fcber hinaus ist sie ziemlich anma\u00dfend: Welche <i>konkreten<\/i> Ziele verfolgt Deutschland mit seinem Ukraine-Engagement?<\/p>\n<p>Die Gr\u00fcnde, die zur dort \u00bbBr\u00fcllender L\u00f6we\u00ab und da \u00bbEpische Wut\u00ab getauften Operation gef\u00fchrt haben, gibt es trotz un\u00fcbersehbarer Erfolge noch immer: ein islamfaschistisches Regime, das \u00bbseine\u00ab Bev\u00f6lkerung abschlachtet, weltweiten Terrorismus f\u00f6rdert und Sicherheit und Frieden in der Region und in der Welt bedroht. Ist es dazu nicht mehr in der Lage, da g\u00fcnstigenfalls gest\u00fcrzt, gibt es keinen Grund mehr f\u00fcr weitere Milit\u00e4rschl\u00e4ge.<\/p>\n","protected":false},"excerpt":{"rendered":"<p>Bundeskanzler Friedrich Merz hat seine Kritik an den amerikanisch-israelischen Milit\u00e4roperationen gegen das Regime in Teheran erneuert. Hatte der deutsche Regierungschef zun\u00e4chst erkl\u00e4rt, \u00bb[wir belehren] unsere Partner nicht zu ihren milit\u00e4rischen Schl\u00e4gen gegen Iran\u00ab, verk\u00fcndete er nur wenig sp\u00e4ter, \u00bbein endloser Krieg ist nicht in unserem Interesse\u00ab. Am Dienstag nun bekr\u00e4ftigte er seine Distanzierung noch einmal. [&hellip;]<\/p>\n","protected":false},"author":1,"featured_media":0,"comment_status":"open","ping_status":"open","sticky":false,"template":"","format":"standard","meta":{"footnotes":""},"categories":[2],"tags":[37,38,68,79,102,112,1221,191,192,194,764,397],"class_list":["post-9732","post","type-post","status-publish","format-standard","hentry","category-allgemein","tag-antiamerikanismus","tag-antisemitismus","tag-bigotterie","tag-cdu","tag-deutschland","tag-double-standards","tag-friedrich-merz","tag-islamische-republik-iran","tag-islamismus","tag-israel","tag-staatsterrorismus","tag-vereinigte-staaten"],"_links":{"self":[{"href":"https:\/\/www.tw24.net\/index.php?rest_route=\/wp\/v2\/posts\/9732","targetHints":{"allow":["GET"]}}],"collection":[{"href":"https:\/\/www.tw24.net\/index.php?rest_route=\/wp\/v2\/posts"}],"about":[{"href":"https:\/\/www.tw24.net\/index.php?rest_route=\/wp\/v2\/types\/post"}],"author":[{"embeddable":true,"href":"https:\/\/www.tw24.net\/index.php?rest_route=\/wp\/v2\/users\/1"}],"replies":[{"embeddable":true,"href":"https:\/\/www.tw24.net\/index.php?rest_route=%2Fwp%2Fv2%2Fcomments&post=9732"}],"version-history":[{"count":1,"href":"https:\/\/www.tw24.net\/index.php?rest_route=\/wp\/v2\/posts\/9732\/revisions"}],"predecessor-version":[{"id":9733,"href":"https:\/\/www.tw24.net\/index.php?rest_route=\/wp\/v2\/posts\/9732\/revisions\/9733"}],"wp:attachment":[{"href":"https:\/\/www.tw24.net\/index.php?rest_route=%2Fwp%2Fv2%2Fmedia&parent=9732"}],"wp:term":[{"taxonomy":"category","embeddable":true,"href":"https:\/\/www.tw24.net\/index.php?rest_route=%2Fwp%2Fv2%2Fcategories&post=9732"},{"taxonomy":"post_tag","embeddable":true,"href":"https:\/\/www.tw24.net\/index.php?rest_route=%2Fwp%2Fv2%2Ftags&post=9732"}],"curies":[{"name":"wp","href":"https:\/\/api.w.org\/{rel}","templated":true}]}}