{"id":9734,"date":"2026-03-12T17:06:44","date_gmt":"2026-03-12T15:06:44","guid":{"rendered":"https:\/\/www.tw24.net\/?p=9734"},"modified":"2026-03-12T17:06:44","modified_gmt":"2026-03-12T15:06:44","slug":"spanische-normalitaet","status":"publish","type":"post","link":"https:\/\/www.tw24.net\/?p=9734","title":{"rendered":"Spanische Normalit\u00e4t"},"content":{"rendered":"<p>Die sozialistische Regierung in Madrid hat Ana Mar\u00eda S\u00e1lomon P\u00e9rez nun auch offiziell <a href=\"https:\/\/www.boe.es\/diario_boe\/txt.php?id=BOE-A-2026-5614\">abberufen<\/a> und \u00bbmit Dank\u00ab entlassen, die bisherige Botschafterin Spaniens in Israel. Die Diplomatin hielt sich freilich bereits seit dem vergangenen September nicht mehr in Israel auf. Damals war sie, wie es hie\u00df, \u00bbzu Konsultationen\u00ab nach Madrid zur\u00fcckbeordert worden. Die Regierung um Pedro S\u00e1nchez hat nicht vor, den vakanten Posten neu zu besetzen.<\/p>\n<p>Die Monarchie, die <i>den<\/i> j\u00fcdischen Staat erst 1986 anerkannt hatte, best\u00e4tigt mit dem Schritt einmal mehr ihren seit dem \u00dcberfall der Hamas auf Israel am 7. Oktober 2023 immer weiter versch\u00e4rften antisemitischen Kurs. Spanien hatte als eines der ersten westeurop\u00e4ischen L\u00e4nder im Mai 2024 \u00bbPal\u00e4stina\u00ab als Staat anerkannt, ein Schritt, der Madrid damals ausdr\u00fcckliches Lob aus Teheran <a href=\"https:\/\/web.archive.org\/web\/20240529014353\/https:\/\/www.tehrantimes.com\/news\/499194\/The-fruit-of-resistance-Towards-a-Palestinian-state\">einbrachte<\/a>, das dadurch den \u00bbWiderstand\u00ab der Hamas belohnt sah.<\/p>\n<p>Innerhalb der Europ\u00e4ischen Union z\u00e4hlt die Regierung von Ministerpr\u00e4sident Pedro S\u00e1nchez zu den lautesten \u00bbKritikern\u00ab Jerusalems. Dabei bel\u00e4\u00dft es Madrid nicht \u00bbnur\u00ab bei verleumderischen Anschuldigungen, sondern l\u00e4\u00dft ihnen Taten folgen. Mit einem Transitverbot f\u00fcr Waffenlieferungen sabotiert Madrid den israelischen Verteidigungskrieg zur Zerschlagung der Hamas, den Eurovision Song Contest (ESC) boykottiert es wegen der Beteiligung israelischer K\u00fcnstler.<\/p>\n<p>Die formelle Abberufung Ana Mar\u00eda S\u00e1lomon P\u00e9rez\u2019 wird als Reaktion auf die amerikanisch-israelischen Milit\u00e4roperationen gegen Teheran gesehen, die Pedro S\u00e1nchez als \u00bbv\u00f6lkerrechtswidrig\u00ab denunzierte, womit er auch die Vereinigten Staaten als NATO-Partner <a href=\"https:\/\/www.ynetnews.com\/opinions-analysis\/article\/sywmefe9zg\">verriet<\/a>. Unterdessen gipfelte die Scheinheiligkeit des Sozialisten j\u00fcngst in der <a href=\"https:\/\/www.jpost.com\/defense-and-tech\/article-886905\">Rechtfertigung<\/a> eines <a href=\"https:\/\/english.almayadeen.net\/news\/politics\/spain-suspends-rafael-deal--acquires-mells-via-eurospike\">Kaufs<\/a> von Raketen eines auch israelischen Unternehmens: Diese w\u00fcrden doch in Deutschland montiert, nicht in Israel.<\/p>\n<p>Da\u00df eine solche Politik auch Folgen f\u00fcr das gesellschaftliche Klima in Spanien hat, demonstrierte ein <a href=\"https:\/\/okdiario.com\/espana\/tres-ancianas-judias-son-expulsadas-del-museo-reina-sofia-vigilante-armado-portar-simbolos-hebreos-16249659\">\u00bbVorfall\u00ab<\/a> im staatlichen <i>Museo Nacional Centro de Arte Reina Sof\u00eda<\/i> in der spanischen Hauptstadt vor wenigen Wochen. Besucherinnen aus Israel, darunter eine \u00dcberlebende des Holocaust, wurden von anderen Besuchern beschimpft und beleidigt. Doch statt gegen den p\u00f6belnden Mob einzuschreiten, verwies das bewaffnete Wachpersonal dessen j\u00fcdische Opfer des Hauses.<\/p>\n","protected":false},"excerpt":{"rendered":"<p>Die sozialistische Regierung in Madrid hat Ana Mar\u00eda S\u00e1lomon P\u00e9rez nun auch offiziell abberufen und \u00bbmit Dank\u00ab entlassen, die bisherige Botschafterin Spaniens in Israel. Die Diplomatin hielt sich freilich bereits seit dem vergangenen September nicht mehr in Israel auf. Damals war sie, wie es hie\u00df, \u00bbzu Konsultationen\u00ab nach Madrid zur\u00fcckbeordert worden. Die Regierung um Pedro [&hellip;]<\/p>\n","protected":false},"author":1,"featured_media":0,"comment_status":"open","ping_status":"open","sticky":false,"template":"","format":"standard","meta":{"footnotes":""},"categories":[2],"tags":[37,38,42,68,112,120,124,126,148,157,191,192,194,1184,359,360,764,374,397],"class_list":["post-9734","post","type-post","status-publish","format-standard","hentry","category-allgemein","tag-antiamerikanismus","tag-antisemitismus","tag-appeasement","tag-bigotterie","tag-double-standards","tag-eu","tag-europaeische-union","tag-eurovision-song-contest","tag-gaza","tag-hamas","tag-islamische-republik-iran","tag-islamismus","tag-israel","tag-pedro-sanchez","tag-sozialismus","tag-spanien","tag-staatsterrorismus","tag-terrorismus","tag-vereinigte-staaten"],"_links":{"self":[{"href":"https:\/\/www.tw24.net\/index.php?rest_route=\/wp\/v2\/posts\/9734","targetHints":{"allow":["GET"]}}],"collection":[{"href":"https:\/\/www.tw24.net\/index.php?rest_route=\/wp\/v2\/posts"}],"about":[{"href":"https:\/\/www.tw24.net\/index.php?rest_route=\/wp\/v2\/types\/post"}],"author":[{"embeddable":true,"href":"https:\/\/www.tw24.net\/index.php?rest_route=\/wp\/v2\/users\/1"}],"replies":[{"embeddable":true,"href":"https:\/\/www.tw24.net\/index.php?rest_route=%2Fwp%2Fv2%2Fcomments&post=9734"}],"version-history":[{"count":1,"href":"https:\/\/www.tw24.net\/index.php?rest_route=\/wp\/v2\/posts\/9734\/revisions"}],"predecessor-version":[{"id":9735,"href":"https:\/\/www.tw24.net\/index.php?rest_route=\/wp\/v2\/posts\/9734\/revisions\/9735"}],"wp:attachment":[{"href":"https:\/\/www.tw24.net\/index.php?rest_route=%2Fwp%2Fv2%2Fmedia&parent=9734"}],"wp:term":[{"taxonomy":"category","embeddable":true,"href":"https:\/\/www.tw24.net\/index.php?rest_route=%2Fwp%2Fv2%2Fcategories&post=9734"},{"taxonomy":"post_tag","embeddable":true,"href":"https:\/\/www.tw24.net\/index.php?rest_route=%2Fwp%2Fv2%2Ftags&post=9734"}],"curies":[{"name":"wp","href":"https:\/\/api.w.org\/{rel}","templated":true}]}}