{"id":9823,"date":"2026-04-20T14:04:49","date_gmt":"2026-04-20T12:04:49","guid":{"rendered":"https:\/\/www.tw24.net\/?p=9823"},"modified":"2026-04-20T14:04:49","modified_gmt":"2026-04-20T12:04:49","slug":"wertegemeinschaft-11","status":"publish","type":"post","link":"https:\/\/www.tw24.net\/?p=9823","title":{"rendered":"Wertegemeinschaft"},"content":{"rendered":"<p>Der spanische Ministerpr\u00e4sident Pedro S\u00e1nchez hat <a href=\"https:\/\/english.news.cn\/20260419\/7d6f302195244fdc809e5bfbf2b995bf\/c.html\">angek\u00fcndigt<\/a>, die Europ\u00e4ische Union am Dienstag formell aufzufordern, das <a href=\"http:\/\/eeas.europa.eu\/archives\/delegations\/israel\/documents\/eu_israel\/asso_agree_en.pdf\">Assoziierungsabkommen EU-Israel<\/a> aufzuk\u00fcndigen. Es sei, so der sozialistische Politiker, nicht akzeptabel, da\u00df \u00bbjene, die das internationale Recht und die Prinzipien und Werte Europas nicht achten, Partner der EU\u00ab sein k\u00f6nnten. Die EU unterh\u00e4lt Assoziierungsabkommen u.a. auch mit \u00c4gypten, Jordanien und dem Libanon.<\/p>\n<p>Bereits am Freitag hatten Irland, Slowenien und Spanien mit \u00e4hnlicher Begr\u00fcndung in einem <a href=\"https:\/\/www.gov.ie\/en\/department-of-foreign-affairs\/press-releases\/letter-to-he-ms-kaja-kallas-on-the-situation-in-the-middle-east\/\">gemeinsamen Schreiben<\/a> an die Hohe Au\u00dfenbeauftragte der EU Kaja Kallas die Europ\u00e4ische Kommission zu einer \u00bb\u00dcberpr\u00fcfung\u00ab des Abkommens mit Jerusalem aufgefordert, das seit dem Juni 2000 den institutionellen und rechtlichen Rahmen f\u00fcr die wirtschaftlichen Beziehungen und den politischen Dialog zwischen der EU mit ihren Mitgliedern und Israel bildet.<\/p>\n<p>Irland, Slowenien und Spanien sind innerhalb der Europ\u00e4ischen Union die vehementesten Verfechter einer Ausgrenzung <i>des<\/i> j\u00fcdischen Staates, f\u00fcr die sie seit dem barbarischen \u00dcberfall der Hamas als Teil der iranischen \u00bbAchse des Widerstands\u00ab auf Israel im Oktober 2023 und dem Beginn des israelischen Kampfes zur Befreiung der dabei verschleppten Geiseln und zur Zerschlagung der \u00bbpal\u00e4stinensischen\u00ab Terrororganisation immer wieder und immer lauter werben.<\/p>\n<p>Zeigten sie schon durch ihre Anerkennung \u00bbPal\u00e4stinas\u00ab als Staat an Jerusalem vorbei, da\u00df antisemitisch motivierter Terrorismus sich weit mehr lohnt als wom\u00f6glich langwierige Verhandlungen \u00fcber eine \u00bbZwei-Staaten-L\u00f6sung\u00ab &#8211; das Regime in Teheran <a href=\"https:\/\/web.archive.org\/web\/20240529014353\/https:\/\/www.tehrantimes.com\/news\/499194\/The-fruit-of-resistance-Towards-a-Palestinian-state\">feierte<\/a> die Entscheidung als Anerkennung des \u00bbWiderstands\u00ab -, zielt nun auch die Forderung nach einem Ende des europ\u00e4isch-israelischen Assoziierungsabkommens auf eine weitere Delegitimierung Israels.<\/p>\n<p>Wo ausgerechnet Madrid mit der R\u00fcckkehr seines Botschafters nach Teheran sich tief verbeugt hat vor einem Regime, das am Jahresanfang innert weniger Tage Zehntausende Menschen auf offener Stra\u00dfe abschlachten lie\u00df, zitiert es jetzt eine \u00bbmoralische Verpflichtung\u00ab, um die nach wie vor einzige Demokratie im Nahen Osten weiter zu stigmatisieren. Deutlicher lie\u00dfe sich nicht vorf\u00fchren, wer da tats\u00e4chlich jene Werte verr\u00e4t, die doch \u00bbeurop\u00e4ische\u00ab sein sollen.<\/p>\n","protected":false},"excerpt":{"rendered":"<p>Der spanische Ministerpr\u00e4sident Pedro S\u00e1nchez hat angek\u00fcndigt, die Europ\u00e4ische Union am Dienstag formell aufzufordern, das Assoziierungsabkommen EU-Israel aufzuk\u00fcndigen. Es sei, so der sozialistische Politiker, nicht akzeptabel, da\u00df \u00bbjene, die das internationale Recht und die Prinzipien und Werte Europas nicht achten, Partner der EU\u00ab sein k\u00f6nnten. Die EU unterh\u00e4lt Assoziierungsabkommen u.a. auch mit \u00c4gypten, Jordanien und [&hellip;]<\/p>\n","protected":false},"author":1,"featured_media":0,"comment_status":"open","ping_status":"open","sticky":false,"template":"","format":"standard","meta":{"footnotes":""},"categories":[2],"tags":[11,38,42,68,112,120,123,124,186,191,192,194,1184,506,358,359,360,764,374],"class_list":["post-9823","post","type-post","status-publish","format-standard","hentry","category-allgemein","tag-palaestina","tag-antisemitismus","tag-appeasement","tag-bigotterie","tag-double-standards","tag-eu","tag-europaeische-kommission","tag-europaeische-union","tag-irland","tag-islamische-republik-iran","tag-islamismus","tag-israel","tag-pedro-sanchez","tag-slowenien","tag-sozialdemokratie","tag-sozialismus","tag-spanien","tag-staatsterrorismus","tag-terrorismus"],"_links":{"self":[{"href":"https:\/\/www.tw24.net\/index.php?rest_route=\/wp\/v2\/posts\/9823","targetHints":{"allow":["GET"]}}],"collection":[{"href":"https:\/\/www.tw24.net\/index.php?rest_route=\/wp\/v2\/posts"}],"about":[{"href":"https:\/\/www.tw24.net\/index.php?rest_route=\/wp\/v2\/types\/post"}],"author":[{"embeddable":true,"href":"https:\/\/www.tw24.net\/index.php?rest_route=\/wp\/v2\/users\/1"}],"replies":[{"embeddable":true,"href":"https:\/\/www.tw24.net\/index.php?rest_route=%2Fwp%2Fv2%2Fcomments&post=9823"}],"version-history":[{"count":1,"href":"https:\/\/www.tw24.net\/index.php?rest_route=\/wp\/v2\/posts\/9823\/revisions"}],"predecessor-version":[{"id":9824,"href":"https:\/\/www.tw24.net\/index.php?rest_route=\/wp\/v2\/posts\/9823\/revisions\/9824"}],"wp:attachment":[{"href":"https:\/\/www.tw24.net\/index.php?rest_route=%2Fwp%2Fv2%2Fmedia&parent=9823"}],"wp:term":[{"taxonomy":"category","embeddable":true,"href":"https:\/\/www.tw24.net\/index.php?rest_route=%2Fwp%2Fv2%2Fcategories&post=9823"},{"taxonomy":"post_tag","embeddable":true,"href":"https:\/\/www.tw24.net\/index.php?rest_route=%2Fwp%2Fv2%2Ftags&post=9823"}],"curies":[{"name":"wp","href":"https:\/\/api.w.org\/{rel}","templated":true}]}}