{"id":9826,"date":"2026-04-21T10:35:03","date_gmt":"2026-04-21T08:35:03","guid":{"rendered":"https:\/\/www.tw24.net\/?p=9826"},"modified":"2026-04-21T10:35:13","modified_gmt":"2026-04-21T08:35:13","slug":"bruesseler-farce","status":"publish","type":"post","link":"https:\/\/www.tw24.net\/?p=9826","title":{"rendered":"Br\u00fcsseler Farce"},"content":{"rendered":"<p>Vor dem Hintergrund zunehmender Bem\u00fchungen vieler \u00bbehemalige[r] europ\u00e4ische[r] Minister, Botschafter und hochrangige Beamte\u00ab ebenso wie Forderungen aktiver europ\u00e4ischer Regierungen, Israel, <i>den<\/i> j\u00fcdischen Staat, auszugrenzen und international weiter zu isolieren, fand am Montag ein <a href=\"https:\/\/www.eeas.europa.eu\/eeas\/opening-remarks-hrvp-kaja-kallas-global-alliance-implementation-two-state-solution-meeting_en\">Treffen<\/a> der Mitglieder des <i>Ad Hoc Liaison Committe (AHCL)<\/i> sowie der <i>Global Alliance for the Implementation of the Two-State Solution<\/i> in Br\u00fcssel statt.<\/p>\n<p>Mit Mohammad Mustafa war der \u00bbPremier\u00ab des Regimes in Ramallah zu der Zusammenkunft angereist, vertreten war aber auch das wegen seiner N\u00e4he zur Hamas ber\u00fcchtigte \u00bbHilfswerk der Vereinten Nationen f\u00fcr Pal\u00e4stina-Fl\u00fcchtlinge im Nahen Osten\u00ab. Zur Er\u00f6ffnung noch erwartet wurde Nickolay Mladenov als Repr\u00e4sentant des <i>Board of Peace<\/i>, das in Gaza die von UNRWA, EU und Hamas dort in den vergangenen Jahrzehnten verursachten Sch\u00e4den richten will.<\/p>\n<p class=\"Normal\"><span class=\"tm6\">An einer Teilnahme prominenter Vertreter aus Israel war beim Ausw\u00e4rtigen Dienst der EU, dessen Chefin Kaja Kallas als Gastgeberin des Treffens fungierte, offenbar niemand interessiert, was die in Br\u00fcssel beredeten Verstellungen und formulierten Forderungen in Jerusalem gewi\u00df auf viel Gegenliebe sto\u00dfen lassen wird. Immerhin, der \u00bbPremierminister\u00ab des Regimes der \u00bbpal\u00e4stinensischen\u00ab Terrororganisation PLO scheint sich pr\u00e4chtig <a href=\"https:\/\/english.wafa.ps\/Pages\/Details\/169638\">am\u00fcsiert<\/a> zu haben.<\/p>\n<p>Wer sich noch fragen sollte, weshalb in Israel das, was in und auch von Br\u00fcssel als \u00bbZwei-Staaten-L\u00f6sung\u00ab propagiert wird, nicht eben auf breite Unterst\u00fctzung st\u00f6\u00dft, fand die Antwort in diesem bizarren Gro\u00dftreffen. Nicht die Korruption der \u00bbPal\u00e4stinenserf\u00fchrung\u00ab wurde dort thematisiert, nicht deren \u00bbM\u00e4rtyrerrenten\u00ab, nicht die Verbrechen der Hamas und ihrer Kollaborateure aus der \u00bbinternationalen Gemeinschaft\u00ab &#8211; am Pranger stand <i>die<\/i> j\u00fcdische Demokratie.<\/p>\n<p>Wer den \u00bbpal\u00e4stinensisch\u00ab-israelischen Konflikt unter weitgehendem Ausschlu\u00df gerade Israels \u00bbl\u00f6sen\u00ab will, gleichzeitig aber ein Regime hofiert, das \u00bbpal\u00e4stinensischen\u00ab Terrorismus selbst nach dem Pogrom der Hamas am 7. Oktober 2023 noch immer rechtfertigt, glorifiziert und finanziell belohnt, disqualifiziert sich als Vermittler selbst. \u00bbSiedler\u00ab und ihnen zugeschriebene Gewalt sind ein \u00c4rgernis, ein Friedenshindernis indes sind solche bizarren Veranstaltungen.<\/p>\n","protected":false},"excerpt":{"rendered":"<p>Vor dem Hintergrund zunehmender Bem\u00fchungen vieler \u00bbehemalige[r] europ\u00e4ische[r] Minister, Botschafter und hochrangige Beamte\u00ab ebenso wie Forderungen aktiver europ\u00e4ischer Regierungen, Israel, den j\u00fcdischen Staat, auszugrenzen und international weiter zu isolieren, fand am Montag ein Treffen der Mitglieder des Ad Hoc Liaison Committe (AHCL) sowie der Global Alliance for the Implementation of the Two-State Solution in Br\u00fcssel [&hellip;]<\/p>\n","protected":false},"author":1,"featured_media":0,"comment_status":"open","ping_status":"open","sticky":false,"template":"","format":"standard","meta":{"footnotes":""},"categories":[2],"tags":[38,42,68,112,1076,120,124,157,194,1345,239,313,374,389,399,424],"class_list":["post-9826","post","type-post","status-publish","format-standard","hentry","category-allgemein","tag-antisemitismus","tag-appeasement","tag-bigotterie","tag-double-standards","tag-eeas","tag-eu","tag-europaeische-union","tag-hamas","tag-israel","tag-kaja-kallas","tag-korruption","tag-plo","tag-terrorismus","tag-unrwa","tag-vereinte-nationen","tag-zwei-staaten-loesung"],"_links":{"self":[{"href":"https:\/\/www.tw24.net\/index.php?rest_route=\/wp\/v2\/posts\/9826","targetHints":{"allow":["GET"]}}],"collection":[{"href":"https:\/\/www.tw24.net\/index.php?rest_route=\/wp\/v2\/posts"}],"about":[{"href":"https:\/\/www.tw24.net\/index.php?rest_route=\/wp\/v2\/types\/post"}],"author":[{"embeddable":true,"href":"https:\/\/www.tw24.net\/index.php?rest_route=\/wp\/v2\/users\/1"}],"replies":[{"embeddable":true,"href":"https:\/\/www.tw24.net\/index.php?rest_route=%2Fwp%2Fv2%2Fcomments&post=9826"}],"version-history":[{"count":1,"href":"https:\/\/www.tw24.net\/index.php?rest_route=\/wp\/v2\/posts\/9826\/revisions"}],"predecessor-version":[{"id":9827,"href":"https:\/\/www.tw24.net\/index.php?rest_route=\/wp\/v2\/posts\/9826\/revisions\/9827"}],"wp:attachment":[{"href":"https:\/\/www.tw24.net\/index.php?rest_route=%2Fwp%2Fv2%2Fmedia&parent=9826"}],"wp:term":[{"taxonomy":"category","embeddable":true,"href":"https:\/\/www.tw24.net\/index.php?rest_route=%2Fwp%2Fv2%2Fcategories&post=9826"},{"taxonomy":"post_tag","embeddable":true,"href":"https:\/\/www.tw24.net\/index.php?rest_route=%2Fwp%2Fv2%2Ftags&post=9826"}],"curies":[{"name":"wp","href":"https:\/\/api.w.org\/{rel}","templated":true}]}}