{"id":984,"date":"2009-01-05T09:40:35","date_gmt":"2009-01-05T08:40:35","guid":{"rendered":"http:\/\/www.tw24.info\/?p=984"},"modified":"2009-01-05T09:40:35","modified_gmt":"2009-01-05T08:40:35","slug":"du-bist-deutschland-29","status":"publish","type":"post","link":"https:\/\/www.tw24.net\/?p=984","title":{"rendered":"Du bist Deutschland"},"content":{"rendered":"<p><i>J\u00fcrgen Cain K\u00fclbel<\/i>, zweifellos der gr\u00f6\u00dfte <i>Karate-K\u00e4mpfer<\/i> aller vergangenen und kommenden <i>Zeiten<\/i>, ein <i>unerm\u00fcdlicher<\/i> Streiter f\u00fcr die sicherlich <i>gerechte<\/i> Sache des <i>syrischen Bath-Faschismus<\/i>, kurz: ein wahrer <i>Superheld<\/i>, nach dem dereinst <i>Stra\u00dfen<\/i> werden benannt m\u00fcssen, dessen <i>Konterfei<\/i> Banknoten und <i>Briefmarken<\/i> schm\u00fccken wird, erwirbt gerade sich einmal mehr neue <i><a href=\"http:\/\/blutfuerdiebundeskanzlerin.blogspot.com\/\">Verdienste<\/a><\/i> im schier aussichtslosen Kampf um <i>Friede<\/i>, <i>Freude<\/i> und <i>Eierkuchen<\/i> f\u00fcr alle.<\/p>\n<p>Doch leider gibt es auch <i><a href=\"http:\/\/spiritofentebbe.wordpress.com\/2009\/01\/02\/ein-tasschen-kinderblut\/\">Neider<\/a><\/i>, die dem unerm\u00fcdlichen <i>gro\u00dfen Streiter<\/i> gegen <i>Unterdr\u00fcckung<\/i> und <i>Unrecht<\/i>, auch nur den kleinsten <i>Erfolg<\/i> mi\u00dfg\u00f6nnen und ihn ganz, ganz <i>y<\/i>bel <i>diffamieren<\/i>. Dabei hat er, <i>J\u00fcrgen Cain K\u00fclbel<\/i> es doch auf nachgerade einzigartige Weise geschafft, die wahren <i>Bluts\u00e4ufer<\/i> unserer Tage, kleine <i>Lichter<\/i> freilich etwa im Vergleich zu <i>Saddam Hussein<\/i> oder <i><a href=\"http:\/\/de.wikipedia.org\/wiki\/Baschar_al-Assad\">Baschar al-Assad<\/a><\/i>, dessen <i><a href=\"http:\/\/www.alwatan.sy\/\">Hofschreiber<\/a> J\u00fcrgen Cain K\u00fclbel<\/i> gewi\u00df wurde, um <i>von innen<\/i> dessen <i>Tyrannei<\/i> zu bek\u00e4mpfen, zu entlarven.<\/p>\n<p>Einfach eine <i>Tasse<\/i>, gef\u00fcllt mit <i>virtuellem &#8211; <i>echtes<\/i> flie\u00dft n\u00e4mlich offenbar doch <a href=\"http:\/\/www.nzz.ch\/nachrichten\/wissenschaft\/wachsende_sorge_um_zivile_opfer_des_gaza-kriegs__1.1635841.html\">nicht im gew\u00fcnschten Ausma\u00df<\/a> &#8211; <strike>arabischem<\/strike>&#8222;pal\u00e4stinensischen&#8220;<\/i> Blut, hat er ihnen auf die <i>Monitore<\/i> gezaubert, damit sie diese, ganz ohne <i>M\u00fchen<\/i> und <i>Risiko<\/i>, der <i>deutschen Bundeskanzlerin<\/i> ins <i>E-Postfach<\/i> schicken, erg\u00e4nzt nur noch um einige eigene Worte. Er entlarvt damit die <i>Schreibtischt\u00e4ter<\/i>, deren <i>Kreativit\u00e4t<\/i> nicht einmal ausreicht, eine <i>Demonstration<\/i> zu organisieren, als das, was sie sind: <i>Antisemiten<\/i>, die selbst sich die <i>H\u00e4nde<\/i> nie schmutzig gemacht h\u00e4tten, h\u00e4tten sie es denn gekonnt, aber ohne die der <i>Holocaust<\/i> eben nie m\u00f6glich gewesen w\u00e4re.<\/p>\n<p>Geifernd <i>pl\u00e4rren<\/i> sie ihre <i>Anklagen<\/i> hinaus &#8211; und wollte <i>Angela Merkel<\/i>, sie k\u00f6nnte ihren <i>Wolfgang Sch\u00e4uble<\/i> von der Leine lassen, dieses <i>Gesindel<\/i>, das sich durchaus nicht scheut, mit <i>akademischen Titeln<\/i> zu protzen und gleichzeitig mit einer <i>Orthographie<\/i> zu gl\u00e4nzen, die vermuten l\u00e4\u00dft, da\u00df <i>Ghostwriter<\/i> ihm die Abschl\u00fcsse <i>erm\u00f6glichten<\/i>, in die Schranken weisen. <i>J\u00fcrgen Cain K\u00fclbel<\/i> gelingt es, sie alle hereinzulegen und damit aufzuzeigen, da\u00df weniger irgendwelche <i>bekennenden Nazis<\/i> ein <i>Problem<\/i> darstellen als vielmehr eben jenes <i>Pack<\/i>.<\/p>\n<p>Wir <i>dokumentieren<\/i> eine kleine Auswahl, um <i>J\u00fcrgen Cain K\u00fclbels<\/i> Verdienste angemessen zu w\u00fcrdigen:<\/p>\n<blockquote><p><i>&#8222;Wir wissen, der Holocaust war etwas sehr grausiges und etwas sehr schlimmes. Viele unschuldige Menschen sind umgekommen und wurden gequ\u00e4lt! Doch was machen die Zionisten heute mit den Pal\u00e4stinensern? Wenn sie nicht erkannt haben, dass dies eine langsame, taktisch gut \u00fcberlegte ethnische S\u00e4uberung ist, dann verbergen sie vor dem deutschen Volk etwas.&#8220;<\/i><\/p><\/blockquote>\n<blockquote><p><i>&#8222;Es ist gerade zu erwarten, dass die deutsche Regierung gegen dieses zionistische nazistische Massaker in Gaza sein sollte, weil dieser Angriff von der rassistischen Olmert-Regierung eine gro\u00dfe Gefahr f\u00fcr die ganze Menschheit darstellt.&#8220;<\/i><\/p><\/blockquote>\n<blockquote><p><i>&#8222;Die Menschen im Gaza sind Zielscheibe eines Massenmordes. Und was machen die westlichen Regierungen und Sie, Frau Merkel? Sie geben die Schuld der Hamas und den Opfern der israelischen Aktion. Dies ist eine Ungeheuerlichkeit! Die Bewohner von Gaza brauchen unsere moralische und aktive Unterst\u00fctzung: Sie sind die Opfer!&#8220;<\/i><\/p><\/blockquote>\n<blockquote><p><i>&#8222;Die wahren Terroristen sind Menschen wie die Regierungschefs Israels und die, die diese unterst\u00fctzen!<br \/>\nDoch Sie sollten begreifen, wenn keine Gerechtigkeit auf dieser Welt herrscht, so wird es sie am Tage der Auferstehung herrschen. Werden Sie da immer noch dieselben Worte von sich geben k\u00f6nnen? Was werden Sie machen, wenn dutzende Opfer dieses grauenhaften Krieges vor Ihnen stehen und Vergeltung fordern? Sagen, dass Sie gezwungen wurden durch irgendwelche Bindungen?<br \/>\nIch glaube Sie haben allzu schnell vergessen, was im 3. Reich geschah. Sie sollten sich sch\u00e4men. Sie vertreten weder die Meinung von den Deutschen, noch den Ausl\u00e4ndern dieses Landes.<br \/>\nIn meinen Augen konnten Sie einfach keine Pers\u00f6nlichkeit bilden und richten sich einfach nach denen, die gerade die Glocken l\u00e4uten, anstatt die Initiative zu ergreifen und sich von diesen Leuten abzutrennen.&#8220;<\/i><\/p><\/blockquote>\n<blockquote><p><i>&#8222;Ich glaube nicht, dass Sie nicht wissen, wie in Wirklichkeit die Verh\u00e4ltnisse aussehen, nur scheint es Ihnen so sehr eingetrichtert zu sein, den Zionisten f\u00fcr den Rest der Ewigkeit verpflichtet zu sein, dass Sie damit sogar diesen V\u00f6lkermord rechtfertigen k\u00f6nnen.&#8220;<\/i><\/p><\/blockquote>\n<p>Die <i>Flagge<\/i> der <i>Hamas<\/i>, ist das nicht verwunderlich, sieht \u00fcbrigens anders aus als die <i>&#8222;pal\u00e4stinensische&#8220;<\/i>.<\/p>\n","protected":false},"excerpt":{"rendered":"<p>J\u00fcrgen Cain K\u00fclbel, zweifellos der gr\u00f6\u00dfte Karate-K\u00e4mpfer aller vergangenen und kommenden Zeiten, ein unerm\u00fcdlicher Streiter f\u00fcr die sicherlich gerechte Sache des syrischen Bath-Faschismus, kurz: ein wahrer Superheld, nach dem dereinst Stra\u00dfen werden benannt m\u00fcssen, dessen Konterfei Banknoten und Briefmarken schm\u00fccken wird, erwirbt gerade sich einmal mehr neue Verdienste im schier aussichtslosen Kampf um Friede, Freude [&hellip;]<\/p>\n","protected":false},"author":1,"featured_media":0,"comment_status":"open","ping_status":"open","sticky":false,"template":"","format":"standard","meta":{"footnotes":""},"categories":[3],"tags":[],"class_list":["post-984","post","type-post","status-publish","format-standard","hentry","category-du-bist-deutschland"],"_links":{"self":[{"href":"https:\/\/www.tw24.net\/index.php?rest_route=\/wp\/v2\/posts\/984","targetHints":{"allow":["GET"]}}],"collection":[{"href":"https:\/\/www.tw24.net\/index.php?rest_route=\/wp\/v2\/posts"}],"about":[{"href":"https:\/\/www.tw24.net\/index.php?rest_route=\/wp\/v2\/types\/post"}],"author":[{"embeddable":true,"href":"https:\/\/www.tw24.net\/index.php?rest_route=\/wp\/v2\/users\/1"}],"replies":[{"embeddable":true,"href":"https:\/\/www.tw24.net\/index.php?rest_route=%2Fwp%2Fv2%2Fcomments&post=984"}],"version-history":[{"count":0,"href":"https:\/\/www.tw24.net\/index.php?rest_route=\/wp\/v2\/posts\/984\/revisions"}],"wp:attachment":[{"href":"https:\/\/www.tw24.net\/index.php?rest_route=%2Fwp%2Fv2%2Fmedia&parent=984"}],"wp:term":[{"taxonomy":"category","embeddable":true,"href":"https:\/\/www.tw24.net\/index.php?rest_route=%2Fwp%2Fv2%2Fcategories&post=984"},{"taxonomy":"post_tag","embeddable":true,"href":"https:\/\/www.tw24.net\/index.php?rest_route=%2Fwp%2Fv2%2Ftags&post=984"}],"curies":[{"name":"wp","href":"https:\/\/api.w.org\/{rel}","templated":true}]}}