{"id":9848,"date":"2026-04-27T15:58:08","date_gmt":"2026-04-27T13:58:08","guid":{"rendered":"https:\/\/www.tw24.net\/?p=9848"},"modified":"2026-04-27T15:58:08","modified_gmt":"2026-04-27T13:58:08","slug":"wertegeleitete-aussenpolitik-4","status":"publish","type":"post","link":"https:\/\/www.tw24.net\/?p=9848","title":{"rendered":"Wertegeleitete Au\u00dfenpolitik"},"content":{"rendered":"<p>Der deutsche Au\u00dfenkanzler Friedrich Merz hat der Islamischen Republik Iran eine R\u00fccknahme von Sanktionen im Gegenzug f\u00fcr die Freigabe der Meerenge von Hormus durch die Mullahs <a href=\"https:\/\/www.zeit.de\/politik\/deutschland\/2026-04\/friedrich-merz-iran-sanktionen-bundesregierung\">angeboten<\/a>. Gab sich der Regierungschef noch vor wenigen Wochen <a href=\"https:\/\/www.tagesschau.de\/inland\/merz-iran-massenproteste-100.html\">\u00fcberzeugt<\/a>, \u00bbdie letzten Tage und Wochen\u00ab des islamistischen Regimes seien angebrochen, bietet er ihm jetzt an, \u00bbschrittweise bestehende restriktive Ma\u00dfnahmen zu lockern\u00ab.<\/p>\n<p>Gleichzeitig weigerten er und Mitglieder seines Kabinetts sich in der vergangenen Woche demonstrativ, sich mit Mohammad Reza Pahlavi zu treffen, der in der vergangenen Woche auf einer Europareise Station in der deutschen Hauptstadt machte. \u00bbDie Ansprechpartner f\u00fcr Iran sind momentan das Regime in Iran [sic!]\u00ab, <a href=\"https:\/\/www.bundesregierung.de\/breg-de\/suche\/regierungspressekonferenz-vom-22-april-2026-2422734\">erkl\u00e4rte<\/a> Regierungssprecher Stefan Kornelius die Entscheidung des Kanzlers in einer Pressekonferenz.<\/p>\n<p>Der in den Vereinigten Staaten lebende Mohammad Reza Pahlavi ist auch in der iranischen (Exil-) Opposition nicht unumstritten. Zweifellos aber ist er eine wichtige Figur, die ihr jedenfalls gegenw\u00e4rtig \u00fcber alle ideologischen und sonstigen Grenzen hinweg <i>ein<\/i> Gesicht gibt. Deshalb wurde Mohammad Reza Pahlavi in anderen europ\u00e4ischen Hauptst\u00e4dten denn auch mit deutlich mehr Offenheit begegnet als in der deutschen Hauptstadt.<\/p>\n<p>Doch selbst f\u00fcr den Fall, da\u00df es andere Pers\u00f6nlichkeiten bereits gibt oder diese bald auftauchen sollten, mit denen sich wom\u00f6glich noch mehr iranische Oppositionelle im In- und Ausland identifizieren k\u00f6nnen, hat Berlin sich festgelegt: Zwar h\u00e4lt man das Regime der Mullahs durchaus f\u00fcr diskreditiert, aber \u00bbdie Ansprechpartner f\u00fcr Iran sind momentan das Regime in Iran\u00ab, und Gespr\u00e4che mit Oppositionsf\u00fchrern, <a href=\"https:\/\/www.fr.de\/politik\/pahlavi-besucht-berlin-merz-regierung-will-schah-sohn-nicht-treffen-zr-94274673.html\">sind<\/a> \u00bbnicht die Aufgabe der Bundesregierung\u00ab.<\/p>\n<p>Wenn das islamistische Regime und seine Schergen zum n\u00e4chsterreichbaren Teufel gejagt sein werden, die ihre Herrschaft schon jetzt offenbar von Kindern verteidigen <a href=\"https:\/\/www.hrw.org\/news\/2026\/03\/30\/iran-military-stepping-up-child-recruitment\">lassen<\/a> m\u00fcssen, wird man sich in Teheran an diesen (Nicht-)Empfang Mohammad Reza Pahlavis in Berlin erinnern, daran, da\u00df Friedrich Merz gleichzeitig die Bluts\u00e4ufer in Teheran mit Angeboten umgarnte, die zu Jahresbeginn Zehntausende Menschen brutal massakrierten.<\/p>\n","protected":false},"excerpt":{"rendered":"<p>Der deutsche Au\u00dfenkanzler Friedrich Merz hat der Islamischen Republik Iran eine R\u00fccknahme von Sanktionen im Gegenzug f\u00fcr die Freigabe der Meerenge von Hormus durch die Mullahs angeboten. Gab sich der Regierungschef noch vor wenigen Wochen \u00fcberzeugt, \u00bbdie letzten Tage und Wochen\u00ab des islamistischen Regimes seien angebrochen, bietet er ihm jetzt an, \u00bbschrittweise bestehende restriktive Ma\u00dfnahmen [&hellip;]<\/p>\n","protected":false},"author":1,"featured_media":0,"comment_status":"open","ping_status":"open","sticky":false,"template":"","format":"standard","meta":{"footnotes":""},"categories":[2],"tags":[42,79,102,1221,191,192,1502,764,374],"class_list":["post-9848","post","type-post","status-publish","format-standard","hentry","category-allgemein","tag-appeasement","tag-cdu","tag-deutschland","tag-friedrich-merz","tag-islamische-republik-iran","tag-islamismus","tag-mohammad-reza-pahlavi","tag-staatsterrorismus","tag-terrorismus"],"_links":{"self":[{"href":"https:\/\/www.tw24.net\/index.php?rest_route=\/wp\/v2\/posts\/9848","targetHints":{"allow":["GET"]}}],"collection":[{"href":"https:\/\/www.tw24.net\/index.php?rest_route=\/wp\/v2\/posts"}],"about":[{"href":"https:\/\/www.tw24.net\/index.php?rest_route=\/wp\/v2\/types\/post"}],"author":[{"embeddable":true,"href":"https:\/\/www.tw24.net\/index.php?rest_route=\/wp\/v2\/users\/1"}],"replies":[{"embeddable":true,"href":"https:\/\/www.tw24.net\/index.php?rest_route=%2Fwp%2Fv2%2Fcomments&post=9848"}],"version-history":[{"count":1,"href":"https:\/\/www.tw24.net\/index.php?rest_route=\/wp\/v2\/posts\/9848\/revisions"}],"predecessor-version":[{"id":9849,"href":"https:\/\/www.tw24.net\/index.php?rest_route=\/wp\/v2\/posts\/9848\/revisions\/9849"}],"wp:attachment":[{"href":"https:\/\/www.tw24.net\/index.php?rest_route=%2Fwp%2Fv2%2Fmedia&parent=9848"}],"wp:term":[{"taxonomy":"category","embeddable":true,"href":"https:\/\/www.tw24.net\/index.php?rest_route=%2Fwp%2Fv2%2Fcategories&post=9848"},{"taxonomy":"post_tag","embeddable":true,"href":"https:\/\/www.tw24.net\/index.php?rest_route=%2Fwp%2Fv2%2Ftags&post=9848"}],"curies":[{"name":"wp","href":"https:\/\/api.w.org\/{rel}","templated":true}]}}