{"id":9850,"date":"2026-04-28T10:44:10","date_gmt":"2026-04-28T08:44:10","guid":{"rendered":"https:\/\/www.tw24.net\/?p=9850"},"modified":"2026-04-28T10:52:02","modified_gmt":"2026-04-28T08:52:02","slug":"europaeische-hybris","status":"publish","type":"post","link":"https:\/\/www.tw24.net\/?p=9850","title":{"rendered":"Europ\u00e4ische Hybris"},"content":{"rendered":"<p>Irland, Slowenien und Spanien sind vorerst damit gescheitert, die Europ\u00e4ische Union zur Aufk\u00fcndigung ihres Assoziierungsabkommens mit Israel zu <a href=\"https:\/\/www.gov.ie\/en\/department-of-foreign-affairs\/press-releases\/letter-to-he-ms-kaja-kallas-on-the-situation-in-the-middle-east\/\">bewegen<\/a>. Beim Treffen des Rats f\u00fcr Ausw\u00e4rtige Angelegenheiten vor einer Woche in Br\u00fcssel scheiterte der israelfeindliche Vorsto\u00df, wie Kaja Kallas, die Hohe Au\u00dfenbeauftragte der EU, <a href=\"https:\/\/www.eeas.europa.eu\/eeas\/foreign-affairs-council-press\u00a0remarks\u00a0-high-representative-kaja-kallas\u00a0-press-conference_en\">mitteilte<\/a>, daran, da\u00df unter den Teilnehmern des Treffens nicht die daf\u00fcr n\u00f6tige Einstimmigkeit herrschte.<\/p>\n<p>Und auch f\u00fcr andere \u00bbMa\u00dfnahmen, die bereits in der Diskussion sind\u00ab und deren Umsetzung lediglich einer qualifizierten Mehrheit bedarf, erg\u00e4nzte die Chefin des Ausw\u00e4rtigen Diensts der EU mit einigem Bedauern, m\u00fc\u00dften \u00bbeinige Mitgliedsstaaten eine Kurs\u00e4nderung\u00ab vollziehen. \u00bbDas war heute nicht der Fall, aber die Diskussionen gehen weiter.\u00ab Ginge es nach ihr, soll das wohl hei\u00dfen, Dublin, Laibach und Madrid h\u00e4tten sich l\u00e4ngst durchgesetzt.<\/p>\n<p>Die \u00c4u\u00dferungen Kaja Kallas\u2019 best\u00e4tigen freilich einmal mehr, was schon lange ein offenes Geheimnis ist. Die Institutionen der Europ\u00e4ischen Union und besonders ihr Au\u00dfenamt werden gepr\u00e4gt von Voreingenommenheit gegen\u00fcber und Ablehnung <i>des<\/i> j\u00fcdischen Staates. Da\u00df ausgerechnet die Uneinigkeit unter den EU-Mitgliedern \u00fcber die Beziehungen zu Israel als Argument gegen das Einstimmigkeitsprinzip herhalten mu\u00df, ist bezeichnend.<\/p>\n<p>Sollten offene Beziehungen zwischen <i>der<\/i> j\u00fcdischen und den europ\u00e4ischen Demokratien eine Selbstverst\u00e4ndlichkeit sein, gef\u00e4llt die Europ\u00e4ische Union sich als \u00bbdie gr\u00f6\u00dfte Unterst\u00fctzerin des pal\u00e4stinensischen Volkes\u00ab, wie Kaja Kallas betonen und bekr\u00e4ftigen zu m\u00fcssen meinte. Statt dar\u00fcber nachzudenken, ob und wo Br\u00fcssel in den vergangenen Jahrzehnten in dieser Rolle wom\u00f6glich Fehler gemacht haben k\u00f6nnte, wird Israel attackiert.<\/p>\n<p>Vielleicht t\u00e4te Jerusalem gut daran, seinerseits \u00fcber eine Aussetzung des Assoziierungsabkommens mit der EU nachzudenken, um den von Kaja Kallas angek\u00fcndigten weiteren Diskussionen zu dem Thema zuvorzukommen. Jedenfalls dem von Antisemitismus befallenen offiziellen Europa ist die N\u00e4he selbst zu <a href=\"https:\/\/www.bild.de\/politik\/ausland\/politik-ausland\/bei-zeremonie-im-iran-eu-spitzendiplomat-feiert-massenmoerder-77301312.bild.html\">erkl\u00e4rten<\/a> (Erz-)<a href=\"https:\/\/en.mfa.ir\/portal\/newsview\/750865\">Feinden<\/a> <i>des<\/i> j\u00fcdischen Staates offenkundig <a href=\"https:\/\/de.euronews.com\/my-europe\/2024\/08\/01\/brussel-verteidigt-hochrangigen-eu-diplomaten-bei-der-amtseinfuhrung-des-iranischen-prasid\">wichtiger<\/a> als enge Beziehungen zu Israel. Soll es doch mit ihnen gl\u00fccklich werden.<\/p>\n","protected":false},"excerpt":{"rendered":"<p>Irland, Slowenien und Spanien sind vorerst damit gescheitert, die Europ\u00e4ische Union zur Aufk\u00fcndigung ihres Assoziierungsabkommens mit Israel zu bewegen. Beim Treffen des Rats f\u00fcr Ausw\u00e4rtige Angelegenheiten vor einer Woche in Br\u00fcssel scheiterte der israelfeindliche Vorsto\u00df, wie Kaja Kallas, die Hohe Au\u00dfenbeauftragte der EU, mitteilte, daran, da\u00df unter den Teilnehmern des Treffens nicht die daf\u00fcr n\u00f6tige [&hellip;]<\/p>\n","protected":false},"author":1,"featured_media":0,"comment_status":"open","ping_status":"open","sticky":false,"template":"","format":"standard","meta":{"footnotes":""},"categories":[2],"tags":[38,68,112,1076,120,124,186,194,1345,506,360],"class_list":["post-9850","post","type-post","status-publish","format-standard","hentry","category-allgemein","tag-antisemitismus","tag-bigotterie","tag-double-standards","tag-eeas","tag-eu","tag-europaeische-union","tag-irland","tag-israel","tag-kaja-kallas","tag-slowenien","tag-spanien"],"_links":{"self":[{"href":"https:\/\/www.tw24.net\/index.php?rest_route=\/wp\/v2\/posts\/9850","targetHints":{"allow":["GET"]}}],"collection":[{"href":"https:\/\/www.tw24.net\/index.php?rest_route=\/wp\/v2\/posts"}],"about":[{"href":"https:\/\/www.tw24.net\/index.php?rest_route=\/wp\/v2\/types\/post"}],"author":[{"embeddable":true,"href":"https:\/\/www.tw24.net\/index.php?rest_route=\/wp\/v2\/users\/1"}],"replies":[{"embeddable":true,"href":"https:\/\/www.tw24.net\/index.php?rest_route=%2Fwp%2Fv2%2Fcomments&post=9850"}],"version-history":[{"count":3,"href":"https:\/\/www.tw24.net\/index.php?rest_route=\/wp\/v2\/posts\/9850\/revisions"}],"predecessor-version":[{"id":9853,"href":"https:\/\/www.tw24.net\/index.php?rest_route=\/wp\/v2\/posts\/9850\/revisions\/9853"}],"wp:attachment":[{"href":"https:\/\/www.tw24.net\/index.php?rest_route=%2Fwp%2Fv2%2Fmedia&parent=9850"}],"wp:term":[{"taxonomy":"category","embeddable":true,"href":"https:\/\/www.tw24.net\/index.php?rest_route=%2Fwp%2Fv2%2Fcategories&post=9850"},{"taxonomy":"post_tag","embeddable":true,"href":"https:\/\/www.tw24.net\/index.php?rest_route=%2Fwp%2Fv2%2Ftags&post=9850"}],"curies":[{"name":"wp","href":"https:\/\/api.w.org\/{rel}","templated":true}]}}