{"id":9854,"date":"2026-04-29T16:20:33","date_gmt":"2026-04-29T14:20:33","guid":{"rendered":"https:\/\/www.tw24.net\/?p=9854"},"modified":"2026-04-29T17:06:50","modified_gmt":"2026-04-29T15:06:50","slug":"verschwoerung-gegen-israel","status":"publish","type":"post","link":"https:\/\/www.tw24.net\/?p=9854","title":{"rendered":"Verschw\u00f6rung gegen Israel"},"content":{"rendered":"<p>Nach Jahren sorgf\u00e4ltiger Vorbereitungen fielen am 7. Oktober 2023 die Hamas und ihre Komplizen in genozidaler Absicht \u00fcber <i>den<\/i> j\u00fcdischen Staat her. Seither mu\u00df Israel sich an vielen Fronten der Angriffe der in der \u00bbAchse des Widerstands\u00ab organisierten Marionetten des Regimes in Teheran erwehren. Der Kampf zur Vernichtung <i>der<\/i> j\u00fcdischen Heimstatt wird freilich nicht \u00bbnur\u00ab mit (staats-)terroristischen Mitteln gef\u00fchrt.<\/p>\n<p>Auch und gerade mit juristischen Mitteln versuchen die Feinde Israels dessen Legitimit\u00e4t zu untergraben und so den islamistischen Vernichtungskrieg gegen j\u00fcdisches Leben im Nahen Osten und dar\u00fcber hinaus zu unterst\u00fctzen. Die vor bald zwei Jahren gegen den israelischen Premier Benjamin Netanjahu und den damaligen israelischen Verteidigungsminister Yoav Gallant <a href=\"https:\/\/www.icc-cpi.int\/news\/statement-icc-prosecutor-karim-aa-khan-kc-applications-arrest-warrants-situation-state\">erwirkten<\/a> Internationalen Haftbefehle sind Teil dieses Kampfs.<\/p>\n<p>Mit den Haftbefehlen \u00fcberschritt Karim Asad Ahmad Khan, der Chefankl\u00e4ger des Internationalen Strafgerichtshofs (ICC) in Den Haag, nicht blo\u00df die Kompetenzen seines Gerichtshofs, mit ihnen stellte er die beiden Politiker auf eine Stufe mit der damaligen Hamas-Spitze und <i>den<\/i> j\u00fcdischen Staat auf eine mit dem Regime der islamistischen Terrororganisation in Gaza. Selbst US-Pr\u00e4sident Joe Biden sprach von einer <a href=\"https:\/\/www.jpost.com\/breaking-news\/article-801924\">\u00bbUnversch\u00e4mtheit\u00ab<\/a>.<\/p>\n<p>Inzwischen verdichten sich <a href=\"https:\/\/www.theguardian.com\/law\/2025\/aug\/28\/second-woman-accuses-icc-chief-prosecutor-karim-khan-of-sexual-misconduct\">Hinweise<\/a>, da\u00df Karim Khan vieles sein mag, aber bestimmt kein integrer H\u00fcter internationaler Normen. Das Zustandekommen der Haftbefehle gegen Benjamin Netanjahu und Yoav Gallant jedenfalls hat wohl vor allem Gr\u00fcnde, die der Jurist, der sein Amt zwischenzeitlich \u00bbvor\u00fcbergehend\u00ab niedergelegt hat, selbst zu verantworten hat: Ihm werden sexuelles Fehlverhalten und eine daraus resultierende K\u00e4uflichkeit vorgeworfen.<\/p>\n<p><a href=\"https:\/\/www.wsj.com\/world\/middle-east\/icc-netanyahu-prosecutor-sexual-assault-israel-gaza-d9bedee3\">Zitierte<\/a> das <i>Wall Street Journal<\/i> vor gut einem Jahr aus Aussagen eines seiner Opfer, <a href=\"https:\/\/www.wsj.com\/opinion\/karim-khan-icc-prosecutor-benjamin-netanyahu-qatar-israel-7b62d474\">berichtet<\/a> die renommierte Zeitung nun, da\u00df das Emirat Katar hinter Versuchen stecke, Zeuginnen gegen Karim Khan einzusch\u00fcchtern und zu diskreditieren. F\u00fcr sein Engagement im Sinne des ICC-Chefankl\u00e4gers erwartete das Emirat, das als einer der gr\u00f6\u00dften Unterst\u00fctzer (nicht blo\u00df) der Hamas gilt, allerdings eine Gegenleistung &#8211; Haftbefehle gegen die israelische F\u00fchrung.<\/p>\n<p>Und Karim Khan hat geliefert. Um von seinem Fehlverhalten abzulenken, erwirkte er Haftbefehle, mit denen er nicht \u00bbnur\u00ab den beiden \u00bbgesuchten\u00ab Politikern schadete, sondern auch <i>den<\/i> j\u00fcdischen Rechtsstaat in Verruf brachte &#8211; ein \u00bbGeschenk\u00ab, \u00fcber das sich die \u00bbAchse des Widerstands\u00ab und deren weltweite Anh\u00e4ngerschaft bis heute freut. Stimmen die Vorw\u00fcrfe, ist es jedoch der Ruf des internationalen Rechts, den der Jurist und Doha auf dem Gewissen haben werden.<\/p>\n","protected":false},"excerpt":{"rendered":"<p>Nach Jahren sorgf\u00e4ltiger Vorbereitungen fielen am 7. Oktober 2023 die Hamas und ihre Komplizen in genozidaler Absicht \u00fcber den j\u00fcdischen Staat her. Seither mu\u00df Israel sich an vielen Fronten der Angriffe der in der \u00bbAchse des Widerstands\u00ab organisierten Marionetten des Regimes in Teheran erwehren. Der Kampf zur Vernichtung der j\u00fcdischen Heimstatt wird freilich nicht \u00bbnur\u00ab [&hellip;]<\/p>\n","protected":false},"author":1,"featured_media":0,"comment_status":"open","ping_status":"open","sticky":false,"template":"","format":"standard","meta":{"footnotes":""},"categories":[2],"tags":[1299,38,63,157,169,600,191,192,194,1252,224,602,1503,374,399],"class_list":["post-9854","post","type-post","status-publish","format-standard","hentry","category-allgemein","tag-achse-des-widerstands","tag-antisemitismus","tag-benjamin-netanjahu","tag-hamas","tag-hisbollah","tag-icc","tag-islamische-republik-iran","tag-islamismus","tag-israel","tag-karim-khan","tag-katar","tag-lawfare","tag-staatsterrorisdmus","tag-terrorismus","tag-vereinte-nationen"],"_links":{"self":[{"href":"https:\/\/www.tw24.net\/index.php?rest_route=\/wp\/v2\/posts\/9854","targetHints":{"allow":["GET"]}}],"collection":[{"href":"https:\/\/www.tw24.net\/index.php?rest_route=\/wp\/v2\/posts"}],"about":[{"href":"https:\/\/www.tw24.net\/index.php?rest_route=\/wp\/v2\/types\/post"}],"author":[{"embeddable":true,"href":"https:\/\/www.tw24.net\/index.php?rest_route=\/wp\/v2\/users\/1"}],"replies":[{"embeddable":true,"href":"https:\/\/www.tw24.net\/index.php?rest_route=%2Fwp%2Fv2%2Fcomments&post=9854"}],"version-history":[{"count":3,"href":"https:\/\/www.tw24.net\/index.php?rest_route=\/wp\/v2\/posts\/9854\/revisions"}],"predecessor-version":[{"id":9857,"href":"https:\/\/www.tw24.net\/index.php?rest_route=\/wp\/v2\/posts\/9854\/revisions\/9857"}],"wp:attachment":[{"href":"https:\/\/www.tw24.net\/index.php?rest_route=%2Fwp%2Fv2%2Fmedia&parent=9854"}],"wp:term":[{"taxonomy":"category","embeddable":true,"href":"https:\/\/www.tw24.net\/index.php?rest_route=%2Fwp%2Fv2%2Fcategories&post=9854"},{"taxonomy":"post_tag","embeddable":true,"href":"https:\/\/www.tw24.net\/index.php?rest_route=%2Fwp%2Fv2%2Ftags&post=9854"}],"curies":[{"name":"wp","href":"https:\/\/api.w.org\/{rel}","templated":true}]}}