{"id":9863,"date":"2026-05-03T14:23:05","date_gmt":"2026-05-03T12:23:05","guid":{"rendered":"https:\/\/www.tw24.net\/?p=9863"},"modified":"2026-05-03T16:23:00","modified_gmt":"2026-05-03T14:23:00","slug":"zahlt-europa-fuer-terror","status":"publish","type":"post","link":"https:\/\/www.tw24.net\/?p=9863","title":{"rendered":"Zahlt Europa f\u00fcr Terror?"},"content":{"rendered":"<p>In der vergangenen Woche haben die Besch\u00e4ftigten \u00f6ffentlicher Krankenh\u00e4user und Kliniken in den von Ramallah verwalteten Gebieten \u00bbumfassend\u00ab gestreikt. Mit dem Ausstand wollte das medizinische Personal gegen die anhaltenden Gehaltsk\u00fcrzungen durch das Regime um \u00bbPr\u00e4sident\u00ab Abu Mazen protestieren, das zuvor angek\u00fcndigt hatte, f\u00fcr den Monat April lediglich 20 Prozent der vereinbarten monatlichen Entgelte <a href=\"https:\/\/www.sadanews.ps\/en\/news\/296033.html\">auszahlen<\/a> zu wollen.<\/p>\n<p>Nachdem das PLO-Regime seinen zivilen Besch\u00e4ftigten bereits seit l\u00e4ngerem nur 80 Prozent der ihnen zustehenden Geh\u00e4lter zahlt oder noch weniger, versch\u00e4rft es mit der neuesten K\u00fcrzung die Krise im \u00bbpal\u00e4stinensischen\u00ab Gesundheitswesen noch einmal drastisch. Doch die Clique um den auch als Mahmoud Abbas firmierenden \u00bbPal\u00e4stinenserpr\u00e4sidenten\u00ab w\u00e4re nicht, was sie ist, machte sie nicht Israel f\u00fcr ihre Probleme verantwortlich.<\/p>\n<p>Die Regierung in Jerusalem n\u00e4mlich sorgt zwar tats\u00e4chlich mit K\u00fcrzungen ihrer monatlichen \u00dcberweisungen von stellvertretend f\u00fcr das Regime eingenommen Abgaben und Steuern nach Ramallah daf\u00fcr, da\u00df dem dortigen Regime weniger Geld zur Verf\u00fcgung steht. Diese K\u00fcrzungen jedoch haben einen Grund &#8211; die, wie das Au\u00dfenministerium in Washington j\u00fcngst <a href=\"https:\/\/www.state.gov\/releases\/bureau-of-near-eastern-affairs\/2026\/04\/report-to-congress-on-palestinian-payments-for-acts-of-terrorism-and-limitation-on-assistance-to-the-west-bank-and-gaza\/\">best\u00e4tigte<\/a>, noch immer ausgezahlten Belohnungen f\u00fcr Terroristen.<\/p>\n<p>Vor bald zwei Jahren hatte Ramallah sich gegen\u00fcber der Europ\u00e4ischen Kommission schriftlich <a href=\"https:\/\/enlargement.ec.europa.eu\/letter-intent-between-palestinian-authority-and-european-commission_en\">verpflichtet<\/a>, u.a. diese \u00bbM\u00e4rtyrerrenten\u00ab abzuschaffen, im Februar 2025 war der Absichtserkl\u00e4rung sogar ein vielerorts <a href=\"https:\/\/www.auswaertiges-amt.de\/de\/newsroom\/2700202-2700202\">gelobtes<\/a> <a href=\"https:\/\/www.wafa.ps\/Pages\/Details\/113788\">Dekret<\/a> \u00bbPr\u00e4sident\u00ab Abu Mazens gefolgt, die auch als <i>\u00bbPay-for-Slay\u00ab<\/i> bekannte Praxis seines Regimes zu beenden. Doch ge\u00e4ndert haben sich bis heute nur die Wege, die die Mordpr\u00e4mien bis zu ihren Empf\u00e4ngern nehmen.<\/p>\n<p>Ist es allerdings tats\u00e4chlich so, da\u00df die israelische Antwort darauf, daf\u00fcr verantwortlich ist, da\u00df \u00bbpal\u00e4stinensische\u00ab \u00c4rzte und Krankenschwestern auf immer gr\u00f6\u00dfere Teile ihrer Geh\u00e4lter verzichten m\u00fcssen? Freilich, verzichtete das PLO-Regime auf seine Zahlungen an \u00bbpal\u00e4stinensische\u00ab M\u00f6rder, k\u00f6nnte es \u00fcber mehr Mittel f\u00fcr \u00bbpal\u00e4stinensische\u00ab Lebensretter verf\u00fcgen. F\u00fcr die kommt nach eigener <a href=\"https:\/\/yaffaps.com\/en\/page-98816.html\">Auskunft<\/a> jedoch haupts\u00e4chlich Europa <a href=\"https:\/\/ppag.ps\/uploads\/file_1627137099.pdf\">auf<\/a>.<\/p>\n<p>Das Europ\u00e4ische Parlament <a href=\"https:\/\/www.europarl.europa.eu\/doceo\/document\/TA-10-2026-0125_EN.html\">stellte<\/a> k\u00fcrzlich fest, \u00bbdass die direkte finanzielle Unterst\u00fctzung der Union f\u00fcr die Pal\u00e4stinensische Beh\u00f6rde [..] streng auf nachverfolgbare Ausgabenposten wie Geh\u00e4lter, Sozialleistungen und Zahlungsr\u00fcckst\u00e4nde gegen\u00fcber Krankenh\u00e4usern beschr\u00e4nkt ist\u00ab. Sind die Europ\u00e4er also die eigentlichen Finanziers des Gesundheitssystems der PA, was passiert wirklich mit ihrem Geld, kommen bei \u00bbpal\u00e4stinensischen\u00ab \u00c4rzten nur 20 Prozent davon an?<\/p>\n<p>Das ist eine Frage, die Ramallah ebenso beantworten mu\u00df wie die Europ\u00e4ische Kommission unter ihrer Pr\u00e4sidentin Ursula von der Leyen. Die Europ\u00e4ische Union ist \u00bbdie gr\u00f6\u00dfte Unterst\u00fctzerin des pal\u00e4stinensischen Volkes\u00ab, wie ihre \u00bbAu\u00dfenministerin\u00ab Kaja Kallas zuletzt vor zwei Wochen <a href=\"https:\/\/www.eeas.europa.eu\/eeas\/foreign-affairs-council-press\u00a0remarks\u00a0-high-representative-kaja-kallas\u00a0-press-conference_en\">betonte<\/a>. Doch wie pa\u00dft das zur Not \u00bbpal\u00e4stinensischer\u00ab Mediziner, den massiven K\u00fcrzungen bei ihnen, f\u00fcr die Jerusalem gar nicht verantwortlich sein kann?<\/p>\n","protected":false},"excerpt":{"rendered":"<p>In der vergangenen Woche haben die Besch\u00e4ftigten \u00f6ffentlicher Krankenh\u00e4user und Kliniken in den von Ramallah verwalteten Gebieten \u00bbumfassend\u00ab gestreikt. Mit dem Ausstand wollte das medizinische Personal gegen die anhaltenden Gehaltsk\u00fcrzungen durch das Regime um \u00bbPr\u00e4sident\u00ab Abu Mazen protestieren, das zuvor angek\u00fcndigt hatte, f\u00fcr den Monat April lediglich 20 Prozent der vereinbarten monatlichen Entgelte auszahlen zu [&hellip;]<\/p>\n","protected":false},"author":1,"featured_media":0,"comment_status":"open","ping_status":"open","sticky":false,"template":"","format":"standard","meta":{"footnotes":""},"categories":[2],"tags":[9,11,16,38,102,120,123,124,125,130,1504,194,239,252,1468,313,374],"class_list":["post-9863","post","type-post","status-publish","format-standard","hentry","category-allgemein","tag-maertyrerrenten","tag-palaestina","tag-abu-mazen","tag-antisemitismus","tag-deutschland","tag-eu","tag-europaeische-kommission","tag-europaeische-union","tag-europaeisches-parlament","tag-fatah","tag-intransparenz","tag-israel","tag-korruption","tag-mahmoud-abbas","tag-pay-for-slay","tag-plo","tag-terrorismus"],"_links":{"self":[{"href":"https:\/\/www.tw24.net\/index.php?rest_route=\/wp\/v2\/posts\/9863","targetHints":{"allow":["GET"]}}],"collection":[{"href":"https:\/\/www.tw24.net\/index.php?rest_route=\/wp\/v2\/posts"}],"about":[{"href":"https:\/\/www.tw24.net\/index.php?rest_route=\/wp\/v2\/types\/post"}],"author":[{"embeddable":true,"href":"https:\/\/www.tw24.net\/index.php?rest_route=\/wp\/v2\/users\/1"}],"replies":[{"embeddable":true,"href":"https:\/\/www.tw24.net\/index.php?rest_route=%2Fwp%2Fv2%2Fcomments&post=9863"}],"version-history":[{"count":1,"href":"https:\/\/www.tw24.net\/index.php?rest_route=\/wp\/v2\/posts\/9863\/revisions"}],"predecessor-version":[{"id":9864,"href":"https:\/\/www.tw24.net\/index.php?rest_route=\/wp\/v2\/posts\/9863\/revisions\/9864"}],"wp:attachment":[{"href":"https:\/\/www.tw24.net\/index.php?rest_route=%2Fwp%2Fv2%2Fmedia&parent=9863"}],"wp:term":[{"taxonomy":"category","embeddable":true,"href":"https:\/\/www.tw24.net\/index.php?rest_route=%2Fwp%2Fv2%2Fcategories&post=9863"},{"taxonomy":"post_tag","embeddable":true,"href":"https:\/\/www.tw24.net\/index.php?rest_route=%2Fwp%2Fv2%2Ftags&post=9863"}],"curies":[{"name":"wp","href":"https:\/\/api.w.org\/{rel}","templated":true}]}}