{"id":9914,"date":"2026-05-27T15:32:45","date_gmt":"2026-05-27T13:32:45","guid":{"rendered":"https:\/\/www.tw24.net\/?p=9914"},"modified":"2026-05-27T15:32:45","modified_gmt":"2026-05-27T13:32:45","slug":"verschlusssache","status":"publish","type":"post","link":"https:\/\/www.tw24.net\/?p=9914","title":{"rendered":"Verschlu\u00dfsache"},"content":{"rendered":"<p>Das Ausw\u00e4rtige Amt hat \u00fcber mehrere Jahre versucht, die Ver\u00f6ffentlichung eines Berichts zu unterbinden, nach dem es mit vielen Millionen eine \u00bbhumanit\u00e4re\u00ab Organisation aus dem Umfeld der Hamas und der <i>Ikhwan<\/i> gef\u00f6rdert hat. Der Bundesrechnungshof bescheinigt dem deutschen Au\u00dfenministerium in dem <a href=\"https:\/\/weltanschauungsrecht.de\/meldung\/erfolg-nach-ifg-klage-einsichtnahme-brh-pruefberichte-islamistische-anschlaege-finanziert-deutschen\">Bericht<\/a>, da\u00df es mit seiner F\u00f6rderung der Organisation <i>Islamic Relief Deutschland<\/i> nicht \u00bbnur\u00ab internationale Erkenntnisse ignoriert, sondern selbst \u00bbHausregeln\u00ab mi\u00dfachtet habe.<\/p>\n<p>Der im Dezember 2019 vorgelegte Bericht war vom Ausw\u00e4rtigen Amt, das damals von Au\u00dfenminister Heiko Maas geleitet wurde, zur \u00bbVerschlu\u00dfsache\u00ab erkl\u00e4rt worden. Vor Gericht verteidigten seine Vertreter diese Entscheidung u.a. mit dem \u00bbArgument\u00ab, da\u00df eine Ver\u00f6ffentlichung zu Debatten und \u00bbpolemischen Zuspitzungen f\u00fchren\u00ab k\u00f6nnte. Der von der Juristin Seyran Ate\u015f Anfang 2021 angestrengte Rechtsstreit um die Freigabe des Pr\u00fcfberichts dauerte ein halbes Jahrzehnt.<\/p>\n<p>Hatte Au\u00dfenministerin Annalena Baerbock kurz nach dem 7. Oktober 2023 immer wieder <a href=\"https:\/\/www.faz.net\/aktuell\/gesellschaft\/palaestina-hilfen-laut-annalena-baerbock-keine-terrorfinanzierung-19234924.html\">beteuert<\/a>, \u00bbnat\u00fcrlich machen wir keine Terrorfinanzierung\u00ab, und das ebenfalls mit der Vergabe von F\u00f6rdermitteln befa\u00dfte Bundesministerium f\u00fcr wirtschaftliche Zusammenarbeit und Entwicklung <a href=\"https:\/\/web.archive.org\/web\/20240303200239\/https:\/\/www.bmz.de\/de\/aktuelles\/aktuelle-meldungen\/zusammenarbeit-palaestinensische-gebiete-wieder-aufgenommen-195748\">erkl\u00e4rt<\/a>, bei \u00dcberpr\u00fcfungen habe \u00bbkein Fall von Zweckentfremdung festgestellt\u00ab werden k\u00f6nnen, sind Zweifel an den \u00bbstrengen Kontrollmechanismen\u00ab der beiden Ministerien wohl mehr als angebracht.<\/p>\n<p>Will das heute von dem Johann Wadephul geleitete Ausw\u00e4rtige Amt aus dem Pr\u00fcfbericht Lehren gezogen haben, erwecken der langj\u00e4hrige Umgang des Ministeriums mit ihm und besonders die abenteuerliche Begr\u00fcndung f\u00fcr die Bem\u00fchungen, ihn \u00bbverschwinden\u00ab zu lassen, freilich nicht eben Vertrauen in solche Aussagen. Zu einfach ist es, zur \u00bbVerschlu\u00dfsache\u00ab zu erkl\u00e4ren, was peinlich ist. Nach 5 Jahren [!] wurde hier nun Transparenz geschaffen. Wie gro\u00df mag das <i>Dunkelfeld<\/i> sein?<\/p>\n","protected":false},"excerpt":{"rendered":"<p>Das Ausw\u00e4rtige Amt hat \u00fcber mehrere Jahre versucht, die Ver\u00f6ffentlichung eines Berichts zu unterbinden, nach dem es mit vielen Millionen eine \u00bbhumanit\u00e4re\u00ab Organisation aus dem Umfeld der Hamas und der Ikhwan gef\u00f6rdert hat. Der Bundesrechnungshof bescheinigt dem deutschen Au\u00dfenministerium in dem Bericht, da\u00df es mit seiner F\u00f6rderung der Organisation Islamic Relief Deutschland nicht \u00bbnur\u00ab internationale [&hellip;]<\/p>\n","protected":false},"author":1,"featured_media":0,"comment_status":"open","ping_status":"open","sticky":false,"template":"","format":"standard","meta":{"footnotes":""},"categories":[2],"tags":[906,38,49,550,1508,102,519,157,165,1504,192,1370,239,374,686],"class_list":["post-9914","post","type-post","status-publish","format-standard","hentry","category-allgemein","tag-annalena-baerbock","tag-antisemitismus","tag-auswaertiges-amt","tag-bmz","tag-bundesrechnungshof","tag-deutschland","tag-entwicklungshilfe","tag-hamas","tag-heiko-maas","tag-intransparenz","tag-islamismus","tag-johann-wadephul","tag-korruption","tag-terrorismus","tag-verschwendung"],"_links":{"self":[{"href":"https:\/\/www.tw24.net\/index.php?rest_route=\/wp\/v2\/posts\/9914","targetHints":{"allow":["GET"]}}],"collection":[{"href":"https:\/\/www.tw24.net\/index.php?rest_route=\/wp\/v2\/posts"}],"about":[{"href":"https:\/\/www.tw24.net\/index.php?rest_route=\/wp\/v2\/types\/post"}],"author":[{"embeddable":true,"href":"https:\/\/www.tw24.net\/index.php?rest_route=\/wp\/v2\/users\/1"}],"replies":[{"embeddable":true,"href":"https:\/\/www.tw24.net\/index.php?rest_route=%2Fwp%2Fv2%2Fcomments&post=9914"}],"version-history":[{"count":1,"href":"https:\/\/www.tw24.net\/index.php?rest_route=\/wp\/v2\/posts\/9914\/revisions"}],"predecessor-version":[{"id":9915,"href":"https:\/\/www.tw24.net\/index.php?rest_route=\/wp\/v2\/posts\/9914\/revisions\/9915"}],"wp:attachment":[{"href":"https:\/\/www.tw24.net\/index.php?rest_route=%2Fwp%2Fv2%2Fmedia&parent=9914"}],"wp:term":[{"taxonomy":"category","embeddable":true,"href":"https:\/\/www.tw24.net\/index.php?rest_route=%2Fwp%2Fv2%2Fcategories&post=9914"},{"taxonomy":"post_tag","embeddable":true,"href":"https:\/\/www.tw24.net\/index.php?rest_route=%2Fwp%2Fv2%2Ftags&post=9914"}],"curies":[{"name":"wp","href":"https:\/\/api.w.org\/{rel}","templated":true}]}}